{"id":978,"date":"2025-04-03T12:00:49","date_gmt":"2025-04-03T18:00:49","guid":{"rendered":"https:\/\/zacatlan.gob.mx\/boletines\/?p=978"},"modified":"2025-04-04T11:48:10","modified_gmt":"2025-04-04T17:48:10","slug":"ayuntamiento-de-zacatlan-inicia-capacitaciones-para-certificar-a-responsables-de-obra","status":"publish","type":"post","link":"https:\/\/zacatlan.gob.mx\/boletines\/2025\/04\/03\/ayuntamiento-de-zacatlan-inicia-capacitaciones-para-certificar-a-responsables-de-obra\/","title":{"rendered":"Ayuntamiento de Zacatl\u00e1n inicia capacitaciones para certificar a responsables de obra"},"content":{"rendered":"<p>\u2022\u2060 \u2060Este curso es por 3 d\u00edas y al final los participantes obtendr\u00e1n su certificaci\u00f3n anual.<\/p>\n<p>El Ayuntamiento de Zacatl\u00e1n inici\u00f3 con los cursos para la capacitaci\u00f3n y certificaci\u00f3n de los directores responsables de obra. De esta forma, da certeza a quienes quieran realizar una construcci\u00f3n de que los profesionistas que se dedican a este ramo, tienen todos los conocimientos para hacer un inmueble de calidad y perdurable.<\/p>\n<p>En su discurso, el director de Desarrollo Urbano del municipio, Esau Dur\u00e1n Sosa explic\u00f3 que esta capacitaci\u00f3n es para fortalecer la profesionalizaci\u00f3n t\u00e9cnica de los responsables de obra.<\/p>\n<p>Tambi\u00e9n destac\u00f3 que la intenci\u00f3n es cumplir con la visi\u00f3n de la presidenta municipal, Bety S\u00e1nchez de que Zacatl\u00e1n crezca ordenadamente: \u201cEstamos trabajando con base en la actualizaci\u00f3n de instrumentos de planeaci\u00f3n, que son herramientas clave para proyectar un crecimiento sostenible con orden y responsabilidad\u201d.<\/p>\n<p>Esta certificaci\u00f3n es anual y est\u00e1 basada en el Reglamento de Construcciones, participaron 90 personas, de las cuales 70 son para refrendo. De esta forma, los profesionales de la construcci\u00f3n, aprenden a supervisar, a adquirir responsabilidad t\u00e9cnica de sus obras que cumplan con la normatividad vigente en materia de seguridad, calidad y los profesionales de la construcci\u00f3n.<\/p>\n<p><img loading=\"lazy\" decoding=\"async\" class=\"alignnone size-large wp-image-979\" src=\"https:\/\/zacatlan.gob.mx\/boletines\/wp-content\/uploads\/2025\/04\/responsables-de-obra6-1024x575.jpeg\" alt=\"\" width=\"1024\" height=\"575\" srcset=\"https:\/\/zacatlan.gob.mx\/boletines\/wp-content\/uploads\/2025\/04\/responsables-de-obra6-1024x575.jpeg 1024w, https:\/\/zacatlan.gob.mx\/boletines\/wp-content\/uploads\/2025\/04\/responsables-de-obra6-300x168.jpeg 300w, https:\/\/zacatlan.gob.mx\/boletines\/wp-content\/uploads\/2025\/04\/responsables-de-obra6-768x431.jpeg 768w, https:\/\/zacatlan.gob.mx\/boletines\/wp-content\/uploads\/2025\/04\/responsables-de-obra6-1536x862.jpeg 1536w, https:\/\/zacatlan.gob.mx\/boletines\/wp-content\/uploads\/2025\/04\/responsables-de-obra6-1200x675.jpeg 1200w, https:\/\/zacatlan.gob.mx\/boletines\/wp-content\/uploads\/2025\/04\/responsables-de-obra6-585x328.jpeg 585w, https:\/\/zacatlan.gob.mx\/boletines\/wp-content\/uploads\/2025\/04\/responsables-de-obra6.jpeg 1600w\" sizes=\"auto, (max-width: 1024px) 100vw, 1024px\" \/> <img loading=\"lazy\" decoding=\"async\" class=\"alignnone size-large wp-image-980\" src=\"https:\/\/zacatlan.gob.mx\/boletines\/wp-content\/uploads\/2025\/04\/responsables-de-obra5-1024x575.jpeg\" alt=\"\" width=\"1024\" height=\"575\" srcset=\"https:\/\/zacatlan.gob.mx\/boletines\/wp-content\/uploads\/2025\/04\/responsables-de-obra5-1024x575.jpeg 1024w, https:\/\/zacatlan.gob.mx\/boletines\/wp-content\/uploads\/2025\/04\/responsables-de-obra5-300x168.jpeg 300w, https:\/\/zacatlan.gob.mx\/boletines\/wp-content\/uploads\/2025\/04\/responsables-de-obra5-768x431.jpeg 768w, https:\/\/zacatlan.gob.mx\/boletines\/wp-content\/uploads\/2025\/04\/responsables-de-obra5-1536x862.jpeg 1536w, https:\/\/zacatlan.gob.mx\/boletines\/wp-content\/uploads\/2025\/04\/responsables-de-obra5-1200x675.jpeg 1200w, https:\/\/zacatlan.gob.mx\/boletines\/wp-content\/uploads\/2025\/04\/responsables-de-obra5-585x328.jpeg 585w, https:\/\/zacatlan.gob.mx\/boletines\/wp-content\/uploads\/2025\/04\/responsables-de-obra5.jpeg 1600w\" sizes=\"auto, (max-width: 1024px) 100vw, 1024px\" \/> <img loading=\"lazy\" decoding=\"async\" class=\"alignnone size-large wp-image-981\" src=\"https:\/\/zacatlan.gob.mx\/boletines\/wp-content\/uploads\/2025\/04\/responsables-de-obra4-1024x634.jpeg\" alt=\"\" width=\"1024\" height=\"634\" srcset=\"https:\/\/zacatlan.gob.mx\/boletines\/wp-content\/uploads\/2025\/04\/responsables-de-obra4-1024x634.jpeg 1024w, https:\/\/zacatlan.gob.mx\/boletines\/wp-content\/uploads\/2025\/04\/responsables-de-obra4-300x186.jpeg 300w, https:\/\/zacatlan.gob.mx\/boletines\/wp-content\/uploads\/2025\/04\/responsables-de-obra4-768x475.jpeg 768w, https:\/\/zacatlan.gob.mx\/boletines\/wp-content\/uploads\/2025\/04\/responsables-de-obra4-1536x950.jpeg 1536w, https:\/\/zacatlan.gob.mx\/boletines\/wp-content\/uploads\/2025\/04\/responsables-de-obra4-585x362.jpeg 585w, https:\/\/zacatlan.gob.mx\/boletines\/wp-content\/uploads\/2025\/04\/responsables-de-obra4.jpeg 1600w\" sizes=\"auto, (max-width: 1024px) 100vw, 1024px\" \/> <img loading=\"lazy\" decoding=\"async\" class=\"alignnone size-large wp-image-982\" src=\"https:\/\/zacatlan.gob.mx\/boletines\/wp-content\/uploads\/2025\/04\/responsables-de-obra3-1024x575.jpeg\" alt=\"\" width=\"1024\" height=\"575\" srcset=\"https:\/\/zacatlan.gob.mx\/boletines\/wp-content\/uploads\/2025\/04\/responsables-de-obra3-1024x575.jpeg 1024w, https:\/\/zacatlan.gob.mx\/boletines\/wp-content\/uploads\/2025\/04\/responsables-de-obra3-300x168.jpeg 300w, https:\/\/zacatlan.gob.mx\/boletines\/wp-content\/uploads\/2025\/04\/responsables-de-obra3-768x431.jpeg 768w, https:\/\/zacatlan.gob.mx\/boletines\/wp-content\/uploads\/2025\/04\/responsables-de-obra3-1536x862.jpeg 1536w, https:\/\/zacatlan.gob.mx\/boletines\/wp-content\/uploads\/2025\/04\/responsables-de-obra3-1200x675.jpeg 1200w, https:\/\/zacatlan.gob.mx\/boletines\/wp-content\/uploads\/2025\/04\/responsables-de-obra3-585x328.jpeg 585w, https:\/\/zacatlan.gob.mx\/boletines\/wp-content\/uploads\/2025\/04\/responsables-de-obra3.jpeg 1600w\" sizes=\"auto, (max-width: 1024px) 100vw, 1024px\" \/> <img loading=\"lazy\" decoding=\"async\" class=\"alignnone size-large wp-image-983\" src=\"https:\/\/zacatlan.gob.mx\/boletines\/wp-content\/uploads\/2025\/04\/responsables-de-obra2-1024x576.jpeg\" alt=\"\" width=\"1024\" height=\"576\" srcset=\"https:\/\/zacatlan.gob.mx\/boletines\/wp-content\/uploads\/2025\/04\/responsables-de-obra2-1024x576.jpeg 1024w, https:\/\/zacatlan.gob.mx\/boletines\/wp-content\/uploads\/2025\/04\/responsables-de-obra2-300x169.jpeg 300w, https:\/\/zacatlan.gob.mx\/boletines\/wp-content\/uploads\/2025\/04\/responsables-de-obra2-768x432.jpeg 768w, https:\/\/zacatlan.gob.mx\/boletines\/wp-content\/uploads\/2025\/04\/responsables-de-obra2-1200x675.jpeg 1200w, https:\/\/zacatlan.gob.mx\/boletines\/wp-content\/uploads\/2025\/04\/responsables-de-obra2-585x329.jpeg 585w, https:\/\/zacatlan.gob.mx\/boletines\/wp-content\/uploads\/2025\/04\/responsables-de-obra2.jpeg 1440w\" sizes=\"auto, (max-width: 1024px) 100vw, 1024px\" \/><\/p>\n","protected":false},"excerpt":{"rendered":"<p>\u2022\u2060 \u2060Este curso es por 3 d\u00edas y al final los participantes obtendr\u00e1n su certificaci\u00f3n anual. El Ayuntamiento de Zacatl\u00e1n inici\u00f3 con los cursos para la capacitaci\u00f3n y certificaci\u00f3n de los directores responsables de obra. De esta forma, da certeza a quienes quieran realizar una&#8230;<\/p>\n","protected":false},"author":2,"featured_media":984,"comment_status":"open","ping_status":"open","sticky":false,"template":"","format":"standard","meta":{"footnotes":""},"categories":[4],"tags":[156,157],"class_list":["post-978","post","type-post","status-publish","format-standard","has-post-thumbnail","hentry","category-boletines","tag-capacitaciones","tag-responsables-de-obra"],"_links":{"self":[{"href":"https:\/\/zacatlan.gob.mx\/boletines\/wp-json\/wp\/v2\/posts\/978","targetHints":{"allow":["GET"]}}],"collection":[{"href":"https:\/\/zacatlan.gob.mx\/boletines\/wp-json\/wp\/v2\/posts"}],"about":[{"href":"https:\/\/zacatlan.gob.mx\/boletines\/wp-json\/wp\/v2\/types\/post"}],"author":[{"embeddable":true,"href":"https:\/\/zacatlan.gob.mx\/boletines\/wp-json\/wp\/v2\/users\/2"}],"replies":[{"embeddable":true,"href":"https:\/\/zacatlan.gob.mx\/boletines\/wp-json\/wp\/v2\/comments?post=978"}],"version-history":[{"count":1,"href":"https:\/\/zacatlan.gob.mx\/boletines\/wp-json\/wp\/v2\/posts\/978\/revisions"}],"predecessor-version":[{"id":985,"href":"https:\/\/zacatlan.gob.mx\/boletines\/wp-json\/wp\/v2\/posts\/978\/revisions\/985"}],"wp:featuredmedia":[{"embeddable":true,"href":"https:\/\/zacatlan.gob.mx\/boletines\/wp-json\/wp\/v2\/media\/984"}],"wp:attachment":[{"href":"https:\/\/zacatlan.gob.mx\/boletines\/wp-json\/wp\/v2\/media?parent=978"}],"wp:term":[{"taxonomy":"category","embeddable":true,"href":"https:\/\/zacatlan.gob.mx\/boletines\/wp-json\/wp\/v2\/categories?post=978"},{"taxonomy":"post_tag","embeddable":true,"href":"https:\/\/zacatlan.gob.mx\/boletines\/wp-json\/wp\/v2\/tags?post=978"}],"curies":[{"name":"wp","href":"https:\/\/api.w.org\/{rel}","templated":true}]}}