{"id":972,"date":"2025-04-01T20:19:35","date_gmt":"2025-04-02T02:19:35","guid":{"rendered":"https:\/\/zacatlan.gob.mx\/boletines\/?p=972"},"modified":"2025-04-04T11:45:37","modified_gmt":"2025-04-04T17:45:37","slug":"faena-en-san-cristobal-xochimilpa-genera-convivencia-y-comunidad","status":"publish","type":"post","link":"https:\/\/zacatlan.gob.mx\/boletines\/2025\/04\/01\/faena-en-san-cristobal-xochimilpa-genera-convivencia-y-comunidad\/","title":{"rendered":"Faena en San Crist\u00f3bal Xochimilpa: genera convivencia y comunidad"},"content":{"rendered":"<p>\u2022\u2060 \u2060Este \u201ctequio\u201d fue encabezado por la Coordinaci\u00f3n de Bienestar e Inclusi\u00f3n del municipio y particip\u00f3 el presidente auxiliar, Juan Aldana.<\/p>\n<p>La faena que realiz\u00f3 el Ayuntamiento de Zacatl\u00e1n encabezado por Bety S\u00e1nchez en la junta auxiliar de San Crist\u00f3bal Xochimilpa, gener\u00f3 convivencia y comunidad con la participaci\u00f3n de la poblaci\u00f3n.<\/p>\n<p>La Coordinaci\u00f3n de Bienestar e Inclusi\u00f3n del Ayuntamiento en coordinaci\u00f3n con el presidente auxiliar de San Crist\u00f3bal Xochimilpa, Juan Aldana realizaron estos trabajos que consistieron en la limpia de calles, retiro de yerba sobre el camino a la comunidad y recolecci\u00f3n de basura.<\/p>\n<p>En la faena participaron 150 personas, quienes al final del trabajo comunitario, convivieron para reforzar el tejido social, generando corresponsabilidad y trabajando de la mano sociedad y gobierno.<\/p>\n<p>Estas faenas son parte del trabajo que realiza el gobierno de Bety S\u00e1nchez, que adem\u00e1s se suma al trabajo del gobernador Alejandro Armenta a favor de los grupos menos favorecidos.<\/p>\n<p><img loading=\"lazy\" decoding=\"async\" class=\"alignnone size-large wp-image-973\" src=\"https:\/\/zacatlan.gob.mx\/boletines\/wp-content\/uploads\/2025\/04\/Faena-en-San-Cristobal4-875x1024.jpeg\" alt=\"\" width=\"875\" height=\"1024\" srcset=\"https:\/\/zacatlan.gob.mx\/boletines\/wp-content\/uploads\/2025\/04\/Faena-en-San-Cristobal4-875x1024.jpeg 875w, https:\/\/zacatlan.gob.mx\/boletines\/wp-content\/uploads\/2025\/04\/Faena-en-San-Cristobal4-256x300.jpeg 256w, https:\/\/zacatlan.gob.mx\/boletines\/wp-content\/uploads\/2025\/04\/Faena-en-San-Cristobal4-768x899.jpeg 768w, https:\/\/zacatlan.gob.mx\/boletines\/wp-content\/uploads\/2025\/04\/Faena-en-San-Cristobal4-585x685.jpeg 585w, https:\/\/zacatlan.gob.mx\/boletines\/wp-content\/uploads\/2025\/04\/Faena-en-San-Cristobal4.jpeg 1228w\" sizes=\"auto, (max-width: 875px) 100vw, 875px\" \/> <img loading=\"lazy\" decoding=\"async\" class=\"alignnone size-large wp-image-975\" src=\"https:\/\/zacatlan.gob.mx\/boletines\/wp-content\/uploads\/2025\/04\/Faena-en-San-Cristobal2-797x1024.jpeg\" alt=\"\" width=\"797\" height=\"1024\" srcset=\"https:\/\/zacatlan.gob.mx\/boletines\/wp-content\/uploads\/2025\/04\/Faena-en-San-Cristobal2-797x1024.jpeg 797w, https:\/\/zacatlan.gob.mx\/boletines\/wp-content\/uploads\/2025\/04\/Faena-en-San-Cristobal2-233x300.jpeg 233w, https:\/\/zacatlan.gob.mx\/boletines\/wp-content\/uploads\/2025\/04\/Faena-en-San-Cristobal2-768x987.jpeg 768w, https:\/\/zacatlan.gob.mx\/boletines\/wp-content\/uploads\/2025\/04\/Faena-en-San-Cristobal2-585x752.jpeg 585w, https:\/\/zacatlan.gob.mx\/boletines\/wp-content\/uploads\/2025\/04\/Faena-en-San-Cristobal2.jpeg 894w\" sizes=\"auto, (max-width: 797px) 100vw, 797px\" \/> <img loading=\"lazy\" decoding=\"async\" class=\"alignnone size-large wp-image-976\" src=\"https:\/\/zacatlan.gob.mx\/boletines\/wp-content\/uploads\/2025\/04\/Faena-en-San-Cristobal1-1024x771.jpeg\" alt=\"\" width=\"1024\" height=\"771\" srcset=\"https:\/\/zacatlan.gob.mx\/boletines\/wp-content\/uploads\/2025\/04\/Faena-en-San-Cristobal1-1024x771.jpeg 1024w, https:\/\/zacatlan.gob.mx\/boletines\/wp-content\/uploads\/2025\/04\/Faena-en-San-Cristobal1-300x226.jpeg 300w, https:\/\/zacatlan.gob.mx\/boletines\/wp-content\/uploads\/2025\/04\/Faena-en-San-Cristobal1-768x578.jpeg 768w, https:\/\/zacatlan.gob.mx\/boletines\/wp-content\/uploads\/2025\/04\/Faena-en-San-Cristobal1-1536x1156.jpeg 1536w, https:\/\/zacatlan.gob.mx\/boletines\/wp-content\/uploads\/2025\/04\/Faena-en-San-Cristobal1-585x440.jpeg 585w, https:\/\/zacatlan.gob.mx\/boletines\/wp-content\/uploads\/2025\/04\/Faena-en-San-Cristobal1.jpeg 1600w\" sizes=\"auto, (max-width: 1024px) 100vw, 1024px\" \/><\/p>\n<p>&nbsp;<\/p>\n","protected":false},"excerpt":{"rendered":"<p>\u2022\u2060 \u2060Este \u201ctequio\u201d fue encabezado por la Coordinaci\u00f3n de Bienestar e Inclusi\u00f3n del municipio y particip\u00f3 el presidente auxiliar, Juan Aldana. La faena que realiz\u00f3 el Ayuntamiento de Zacatl\u00e1n encabezado por Bety S\u00e1nchez en la junta auxiliar de San Crist\u00f3bal Xochimilpa, gener\u00f3 convivencia y comunidad&#8230;<\/p>\n","protected":false},"author":2,"featured_media":974,"comment_status":"open","ping_status":"open","sticky":false,"template":"","format":"standard","meta":{"footnotes":""},"categories":[4],"tags":[155,80,153,154],"class_list":["post-972","post","type-post","status-publish","format-standard","has-post-thumbnail","hentry","category-boletines","tag-faena","tag-faenas","tag-san-cristobal-xochimilpa","tag-tequio"],"_links":{"self":[{"href":"https:\/\/zacatlan.gob.mx\/boletines\/wp-json\/wp\/v2\/posts\/972","targetHints":{"allow":["GET"]}}],"collection":[{"href":"https:\/\/zacatlan.gob.mx\/boletines\/wp-json\/wp\/v2\/posts"}],"about":[{"href":"https:\/\/zacatlan.gob.mx\/boletines\/wp-json\/wp\/v2\/types\/post"}],"author":[{"embeddable":true,"href":"https:\/\/zacatlan.gob.mx\/boletines\/wp-json\/wp\/v2\/users\/2"}],"replies":[{"embeddable":true,"href":"https:\/\/zacatlan.gob.mx\/boletines\/wp-json\/wp\/v2\/comments?post=972"}],"version-history":[{"count":1,"href":"https:\/\/zacatlan.gob.mx\/boletines\/wp-json\/wp\/v2\/posts\/972\/revisions"}],"predecessor-version":[{"id":977,"href":"https:\/\/zacatlan.gob.mx\/boletines\/wp-json\/wp\/v2\/posts\/972\/revisions\/977"}],"wp:featuredmedia":[{"embeddable":true,"href":"https:\/\/zacatlan.gob.mx\/boletines\/wp-json\/wp\/v2\/media\/974"}],"wp:attachment":[{"href":"https:\/\/zacatlan.gob.mx\/boletines\/wp-json\/wp\/v2\/media?parent=972"}],"wp:term":[{"taxonomy":"category","embeddable":true,"href":"https:\/\/zacatlan.gob.mx\/boletines\/wp-json\/wp\/v2\/categories?post=972"},{"taxonomy":"post_tag","embeddable":true,"href":"https:\/\/zacatlan.gob.mx\/boletines\/wp-json\/wp\/v2\/tags?post=972"}],"curies":[{"name":"wp","href":"https:\/\/api.w.org\/{rel}","templated":true}]}}