{"id":906,"date":"2025-03-25T16:20:53","date_gmt":"2025-03-25T22:20:53","guid":{"rendered":"https:\/\/zacatlan.gob.mx\/boletines\/?p=906"},"modified":"2025-03-25T16:20:53","modified_gmt":"2025-03-25T22:20:53","slug":"ninas-y-ninos-de-ayehualulco-se-comprometen-a-cuidar-del-medio-ambiente","status":"publish","type":"post","link":"https:\/\/zacatlan.gob.mx\/boletines\/2025\/03\/25\/ninas-y-ninos-de-ayehualulco-se-comprometen-a-cuidar-del-medio-ambiente\/","title":{"rendered":"Ni\u00f1as y ni\u00f1os de Ayehualulco se comprometen a cuidar del medio ambiente"},"content":{"rendered":"<p>\u2022\u2060 \u2060La campa\u00f1a Huella Verde impulsada por la presidenta municipal de Zacatl\u00e1n, Bety S\u00e1nchez a trav\u00e9s de la Direcci\u00f3n de Medio Ambiente, lleg\u00f3 a un jard\u00edn de ni\u00f1os para hablar del cuidado de la naturaleza.<\/p>\n<p>Las y los ni\u00f1os de Ayehualulco en Zacatl\u00e1n est\u00e1n comprometidos con el cuidado del medio ambiente y la protecci\u00f3n de animales, por lo que ahora promover\u00e1n la conservaci\u00f3n de la naturaleza.<\/p>\n<p>Esto como parte de la campa\u00f1a \u201cHuella Verde\u201d, impulsada por la presidenta Bety S\u00e1nchez a trav\u00e9s de la Direcci\u00f3n de Medio Ambiente del municipio. La intenci\u00f3n es crear conciencia ambiental en las nuevas generaciones.<\/p>\n<p>Las y los estudiantes del Jard\u00edn de Ni\u00f1os de Ayehualulco 1ra Secci\u00f3n, recibieron estas pl\u00e1ticas para comprender la importancia de cuidar del medio ambiente.<\/p>\n<p><img loading=\"lazy\" decoding=\"async\" class=\"alignnone size-large wp-image-907\" src=\"https:\/\/zacatlan.gob.mx\/boletines\/wp-content\/uploads\/2025\/03\/Huella-Verde3-1024x1024.jpg\" alt=\"\" width=\"1024\" height=\"1024\" srcset=\"https:\/\/zacatlan.gob.mx\/boletines\/wp-content\/uploads\/2025\/03\/Huella-Verde3-1024x1024.jpg 1024w, https:\/\/zacatlan.gob.mx\/boletines\/wp-content\/uploads\/2025\/03\/Huella-Verde3-300x300.jpg 300w, https:\/\/zacatlan.gob.mx\/boletines\/wp-content\/uploads\/2025\/03\/Huella-Verde3-150x150.jpg 150w, https:\/\/zacatlan.gob.mx\/boletines\/wp-content\/uploads\/2025\/03\/Huella-Verde3-768x768.jpg 768w, https:\/\/zacatlan.gob.mx\/boletines\/wp-content\/uploads\/2025\/03\/Huella-Verde3-585x585.jpg 585w, https:\/\/zacatlan.gob.mx\/boletines\/wp-content\/uploads\/2025\/03\/Huella-Verde3-220x220.jpg 220w, https:\/\/zacatlan.gob.mx\/boletines\/wp-content\/uploads\/2025\/03\/Huella-Verde3-80x80.jpg 80w, https:\/\/zacatlan.gob.mx\/boletines\/wp-content\/uploads\/2025\/03\/Huella-Verde3.jpg 1280w\" sizes=\"auto, (max-width: 1024px) 100vw, 1024px\" \/> <img loading=\"lazy\" decoding=\"async\" class=\"alignnone size-large wp-image-908\" src=\"https:\/\/zacatlan.gob.mx\/boletines\/wp-content\/uploads\/2025\/03\/Huella-Verde2-1024x1024.jpg\" alt=\"\" width=\"1024\" height=\"1024\" srcset=\"https:\/\/zacatlan.gob.mx\/boletines\/wp-content\/uploads\/2025\/03\/Huella-Verde2-1024x1024.jpg 1024w, https:\/\/zacatlan.gob.mx\/boletines\/wp-content\/uploads\/2025\/03\/Huella-Verde2-300x300.jpg 300w, https:\/\/zacatlan.gob.mx\/boletines\/wp-content\/uploads\/2025\/03\/Huella-Verde2-150x150.jpg 150w, https:\/\/zacatlan.gob.mx\/boletines\/wp-content\/uploads\/2025\/03\/Huella-Verde2-768x768.jpg 768w, https:\/\/zacatlan.gob.mx\/boletines\/wp-content\/uploads\/2025\/03\/Huella-Verde2-585x585.jpg 585w, https:\/\/zacatlan.gob.mx\/boletines\/wp-content\/uploads\/2025\/03\/Huella-Verde2-220x220.jpg 220w, https:\/\/zacatlan.gob.mx\/boletines\/wp-content\/uploads\/2025\/03\/Huella-Verde2-80x80.jpg 80w, https:\/\/zacatlan.gob.mx\/boletines\/wp-content\/uploads\/2025\/03\/Huella-Verde2.jpg 1280w\" sizes=\"auto, (max-width: 1024px) 100vw, 1024px\" \/><\/p>\n<p>Participaron en talleres educativos llenos de aprendizajes y diversi\u00f3n. Estos talleres tienen como objetivo sensibilizar a los m\u00e1s peque\u00f1os sobre el cuidado del medio ambiente y la protecci\u00f3n de los animales, fomentando valores que perdurar\u00e1n por toda la vida.<\/p>\n","protected":false},"excerpt":{"rendered":"<p>\u2022\u2060 \u2060La campa\u00f1a Huella Verde impulsada por la presidenta municipal de Zacatl\u00e1n, Bety S\u00e1nchez a trav\u00e9s de la Direcci\u00f3n de Medio Ambiente, lleg\u00f3 a un jard\u00edn de ni\u00f1os para hablar del cuidado de la naturaleza. Las y los ni\u00f1os de Ayehualulco en Zacatl\u00e1n est\u00e1n comprometidos&#8230;<\/p>\n","protected":false},"author":2,"featured_media":909,"comment_status":"open","ping_status":"open","sticky":false,"template":"","format":"standard","meta":{"footnotes":""},"categories":[4],"tags":[136,137,125],"class_list":["post-906","post","type-post","status-publish","format-standard","has-post-thumbnail","hentry","category-boletines","tag-ayehualulco","tag-huella-verde","tag-medio-ambiente"],"_links":{"self":[{"href":"https:\/\/zacatlan.gob.mx\/boletines\/wp-json\/wp\/v2\/posts\/906","targetHints":{"allow":["GET"]}}],"collection":[{"href":"https:\/\/zacatlan.gob.mx\/boletines\/wp-json\/wp\/v2\/posts"}],"about":[{"href":"https:\/\/zacatlan.gob.mx\/boletines\/wp-json\/wp\/v2\/types\/post"}],"author":[{"embeddable":true,"href":"https:\/\/zacatlan.gob.mx\/boletines\/wp-json\/wp\/v2\/users\/2"}],"replies":[{"embeddable":true,"href":"https:\/\/zacatlan.gob.mx\/boletines\/wp-json\/wp\/v2\/comments?post=906"}],"version-history":[{"count":1,"href":"https:\/\/zacatlan.gob.mx\/boletines\/wp-json\/wp\/v2\/posts\/906\/revisions"}],"predecessor-version":[{"id":910,"href":"https:\/\/zacatlan.gob.mx\/boletines\/wp-json\/wp\/v2\/posts\/906\/revisions\/910"}],"wp:featuredmedia":[{"embeddable":true,"href":"https:\/\/zacatlan.gob.mx\/boletines\/wp-json\/wp\/v2\/media\/909"}],"wp:attachment":[{"href":"https:\/\/zacatlan.gob.mx\/boletines\/wp-json\/wp\/v2\/media?parent=906"}],"wp:term":[{"taxonomy":"category","embeddable":true,"href":"https:\/\/zacatlan.gob.mx\/boletines\/wp-json\/wp\/v2\/categories?post=906"},{"taxonomy":"post_tag","embeddable":true,"href":"https:\/\/zacatlan.gob.mx\/boletines\/wp-json\/wp\/v2\/tags?post=906"}],"curies":[{"name":"wp","href":"https:\/\/api.w.org\/{rel}","templated":true}]}}