{"id":773,"date":"2025-02-17T13:52:29","date_gmt":"2025-02-17T19:52:29","guid":{"rendered":"https:\/\/zacatlan.gob.mx\/boletines\/?p=773"},"modified":"2025-02-27T15:48:05","modified_gmt":"2025-02-27T21:48:05","slug":"presentan-la-primera-edicion-de-la-carrera-nocturna-artesana-aun-hay-lugares","status":"publish","type":"post","link":"https:\/\/zacatlan.gob.mx\/boletines\/2025\/02\/17\/presentan-la-primera-edicion-de-la-carrera-nocturna-artesana-aun-hay-lugares\/","title":{"rendered":"Presentan la primera edici\u00f3n de la Carrera Nocturna Artesana\u2026 \u00a1A\u00fan hay lugares!"},"content":{"rendered":"<p>* La presidenta municipal de Zacatl\u00e1n, Bety S\u00e1nchez asegur\u00f3 que est\u00e1 comprometida con el deporte porque ayuda a generar disciplina y ciudadanos de bien.<br \/>\nEl gobierno de la mano de la gente encabezado por Bety S\u00e1nchez y la empresa Todo Trail, presentaron la primera edici\u00f3n de la Carrera Nocturna Artesana, as\u00ed como la playera conmemorativa de esta competencia que est\u00e1 basada en los s\u00edmbolos de Zacatl\u00e1n.<br \/>\nEn rueda de prensa, la presidenta municipal de Zacatl\u00e1n, Bety S\u00e1nchez refiri\u00f3 que trabajar\u00e1 para que el pueblo m\u00e1gico sea un referente deportivo gestionando eventos como la Carrera Nocturna de Artesana, pues es parte de la estrategia del gobernador Alejandro Armenta y la presidenta de M\u00e9xico, Claudia Sheinbaum.<br \/>\n\u201cEl deporte nos da vida. Nos llena de alegr\u00eda, relaja, y ayuda a estar bien f\u00edsica y mentalmente. Nos da disciplina, y sobretodo comparto la visi\u00f3n de nuestro gobernador Alejandro Armenta y de nuestra presidenta de M\u00e9xico, Claudia Sheinbaum porque por cada ni\u00f1a, ni\u00f1o, adolescente que tengamos en las canchas, en las carreras o practicando alg\u00fan deporte, tendremos m\u00e1s ciudadanos ejemplares, gente de bien\u201d.<br \/>\nPor su parte, el regidor de Educaci\u00f3n del municipio, Isaac Armas explic\u00f3 que para esta primera edici\u00f3n hay 3 categor\u00edas: 3 kil\u00f3metros, 6 kil\u00f3metros y 12 kil\u00f3metros, adem\u00e1s de la categor\u00eda de Artesanitos. Las fechas de la carrera ser\u00e1n viernes 21 y s\u00e1bado 22 de marzo y el cupo ser\u00e1 limitado a mil participantes.<br \/>\nLas inscripciones ser\u00e1n a trav\u00e9s del n\u00famero de WhatsApp 228 188 9826 o en Pirma Zacatl\u00e1n centro.<br \/>\nPor su parte, Esteban Fragoso de Todo Trail, hizo una descripci\u00f3n de la playera de esta carrera, la cual contiene s\u00edmbolos de Zacatl\u00e1n como la Parroquia de San Pedro y San Pablo, el reloj floral, as\u00ed como los vitromurales. Mientras que la medalla est\u00e1 basada en el\u00a0reloj\u00a0floral.<\/p>\n<p><img loading=\"lazy\" decoding=\"async\" class=\"alignnone size-large wp-image-774\" src=\"https:\/\/zacatlan.gob.mx\/boletines\/wp-content\/uploads\/2025\/02\/Carrera-Nocturna-Artesana1-682x1024.jpg\" alt=\"\" width=\"682\" height=\"1024\" srcset=\"https:\/\/zacatlan.gob.mx\/boletines\/wp-content\/uploads\/2025\/02\/Carrera-Nocturna-Artesana1-682x1024.jpg 682w, https:\/\/zacatlan.gob.mx\/boletines\/wp-content\/uploads\/2025\/02\/Carrera-Nocturna-Artesana1-200x300.jpg 200w, https:\/\/zacatlan.gob.mx\/boletines\/wp-content\/uploads\/2025\/02\/Carrera-Nocturna-Artesana1-768x1153.jpg 768w, https:\/\/zacatlan.gob.mx\/boletines\/wp-content\/uploads\/2025\/02\/Carrera-Nocturna-Artesana1-1023x1536.jpg 1023w, https:\/\/zacatlan.gob.mx\/boletines\/wp-content\/uploads\/2025\/02\/Carrera-Nocturna-Artesana1-585x878.jpg 585w, https:\/\/zacatlan.gob.mx\/boletines\/wp-content\/uploads\/2025\/02\/Carrera-Nocturna-Artesana1.jpg 1066w\" sizes=\"auto, (max-width: 682px) 100vw, 682px\" \/> <img loading=\"lazy\" decoding=\"async\" class=\"alignnone size-large wp-image-775\" src=\"https:\/\/zacatlan.gob.mx\/boletines\/wp-content\/uploads\/2025\/02\/Carrera-Nocturna-Artesana2-682x1024.jpg\" alt=\"\" width=\"682\" height=\"1024\" srcset=\"https:\/\/zacatlan.gob.mx\/boletines\/wp-content\/uploads\/2025\/02\/Carrera-Nocturna-Artesana2-682x1024.jpg 682w, https:\/\/zacatlan.gob.mx\/boletines\/wp-content\/uploads\/2025\/02\/Carrera-Nocturna-Artesana2-200x300.jpg 200w, https:\/\/zacatlan.gob.mx\/boletines\/wp-content\/uploads\/2025\/02\/Carrera-Nocturna-Artesana2-768x1153.jpg 768w, https:\/\/zacatlan.gob.mx\/boletines\/wp-content\/uploads\/2025\/02\/Carrera-Nocturna-Artesana2-1023x1536.jpg 1023w, https:\/\/zacatlan.gob.mx\/boletines\/wp-content\/uploads\/2025\/02\/Carrera-Nocturna-Artesana2-585x878.jpg 585w, https:\/\/zacatlan.gob.mx\/boletines\/wp-content\/uploads\/2025\/02\/Carrera-Nocturna-Artesana2.jpg 1066w\" sizes=\"auto, (max-width: 682px) 100vw, 682px\" \/> <img loading=\"lazy\" decoding=\"async\" class=\"alignnone size-large wp-image-778\" src=\"https:\/\/zacatlan.gob.mx\/boletines\/wp-content\/uploads\/2025\/02\/Carrera-Nocturna-Artesana5-682x1024.jpg\" alt=\"\" width=\"682\" height=\"1024\" srcset=\"https:\/\/zacatlan.gob.mx\/boletines\/wp-content\/uploads\/2025\/02\/Carrera-Nocturna-Artesana5-682x1024.jpg 682w, https:\/\/zacatlan.gob.mx\/boletines\/wp-content\/uploads\/2025\/02\/Carrera-Nocturna-Artesana5-200x300.jpg 200w, https:\/\/zacatlan.gob.mx\/boletines\/wp-content\/uploads\/2025\/02\/Carrera-Nocturna-Artesana5-768x1153.jpg 768w, https:\/\/zacatlan.gob.mx\/boletines\/wp-content\/uploads\/2025\/02\/Carrera-Nocturna-Artesana5-1023x1536.jpg 1023w, https:\/\/zacatlan.gob.mx\/boletines\/wp-content\/uploads\/2025\/02\/Carrera-Nocturna-Artesana5-585x878.jpg 585w, https:\/\/zacatlan.gob.mx\/boletines\/wp-content\/uploads\/2025\/02\/Carrera-Nocturna-Artesana5.jpg 1066w\" sizes=\"auto, (max-width: 682px) 100vw, 682px\" \/> <img loading=\"lazy\" decoding=\"async\" class=\"alignnone size-large wp-image-779\" src=\"https:\/\/zacatlan.gob.mx\/boletines\/wp-content\/uploads\/2025\/02\/Carrera-Nocturna-Artesana6-1024x682.jpg\" alt=\"\" width=\"1024\" height=\"682\" srcset=\"https:\/\/zacatlan.gob.mx\/boletines\/wp-content\/uploads\/2025\/02\/Carrera-Nocturna-Artesana6-1024x682.jpg 1024w, https:\/\/zacatlan.gob.mx\/boletines\/wp-content\/uploads\/2025\/02\/Carrera-Nocturna-Artesana6-300x200.jpg 300w, https:\/\/zacatlan.gob.mx\/boletines\/wp-content\/uploads\/2025\/02\/Carrera-Nocturna-Artesana6-768x512.jpg 768w, https:\/\/zacatlan.gob.mx\/boletines\/wp-content\/uploads\/2025\/02\/Carrera-Nocturna-Artesana6-1536x1023.jpg 1536w, https:\/\/zacatlan.gob.mx\/boletines\/wp-content\/uploads\/2025\/02\/Carrera-Nocturna-Artesana6-585x390.jpg 585w, https:\/\/zacatlan.gob.mx\/boletines\/wp-content\/uploads\/2025\/02\/Carrera-Nocturna-Artesana6.jpg 1600w\" sizes=\"auto, (max-width: 1024px) 100vw, 1024px\" \/> <img loading=\"lazy\" decoding=\"async\" class=\"alignnone size-large wp-image-776\" src=\"https:\/\/zacatlan.gob.mx\/boletines\/wp-content\/uploads\/2025\/02\/Carrera-Nocturna-Artesana3-1024x682.jpg\" alt=\"\" width=\"1024\" height=\"682\" srcset=\"https:\/\/zacatlan.gob.mx\/boletines\/wp-content\/uploads\/2025\/02\/Carrera-Nocturna-Artesana3-1024x682.jpg 1024w, https:\/\/zacatlan.gob.mx\/boletines\/wp-content\/uploads\/2025\/02\/Carrera-Nocturna-Artesana3-300x200.jpg 300w, https:\/\/zacatlan.gob.mx\/boletines\/wp-content\/uploads\/2025\/02\/Carrera-Nocturna-Artesana3-768x512.jpg 768w, https:\/\/zacatlan.gob.mx\/boletines\/wp-content\/uploads\/2025\/02\/Carrera-Nocturna-Artesana3-1536x1023.jpg 1536w, https:\/\/zacatlan.gob.mx\/boletines\/wp-content\/uploads\/2025\/02\/Carrera-Nocturna-Artesana3-585x390.jpg 585w, https:\/\/zacatlan.gob.mx\/boletines\/wp-content\/uploads\/2025\/02\/Carrera-Nocturna-Artesana3.jpg 1600w\" sizes=\"auto, (max-width: 1024px) 100vw, 1024px\" \/><\/p>\n","protected":false},"excerpt":{"rendered":"<p>* La presidenta municipal de Zacatl\u00e1n, Bety S\u00e1nchez asegur\u00f3 que est\u00e1 comprometida con el deporte porque ayuda a generar disciplina y ciudadanos de bien. El gobierno de la mano de la gente encabezado por Bety S\u00e1nchez y la empresa Todo Trail, presentaron la primera edici\u00f3n&#8230;<\/p>\n","protected":false},"author":2,"featured_media":777,"comment_status":"open","ping_status":"open","sticky":false,"template":"","format":"standard","meta":{"footnotes":""},"categories":[4],"tags":[99,98,65],"class_list":["post-773","post","type-post","status-publish","format-standard","has-post-thumbnail","hentry","category-boletines","tag-artesana","tag-carrera","tag-carrera-nocturna"],"_links":{"self":[{"href":"https:\/\/zacatlan.gob.mx\/boletines\/wp-json\/wp\/v2\/posts\/773","targetHints":{"allow":["GET"]}}],"collection":[{"href":"https:\/\/zacatlan.gob.mx\/boletines\/wp-json\/wp\/v2\/posts"}],"about":[{"href":"https:\/\/zacatlan.gob.mx\/boletines\/wp-json\/wp\/v2\/types\/post"}],"author":[{"embeddable":true,"href":"https:\/\/zacatlan.gob.mx\/boletines\/wp-json\/wp\/v2\/users\/2"}],"replies":[{"embeddable":true,"href":"https:\/\/zacatlan.gob.mx\/boletines\/wp-json\/wp\/v2\/comments?post=773"}],"version-history":[{"count":1,"href":"https:\/\/zacatlan.gob.mx\/boletines\/wp-json\/wp\/v2\/posts\/773\/revisions"}],"predecessor-version":[{"id":780,"href":"https:\/\/zacatlan.gob.mx\/boletines\/wp-json\/wp\/v2\/posts\/773\/revisions\/780"}],"wp:featuredmedia":[{"embeddable":true,"href":"https:\/\/zacatlan.gob.mx\/boletines\/wp-json\/wp\/v2\/media\/777"}],"wp:attachment":[{"href":"https:\/\/zacatlan.gob.mx\/boletines\/wp-json\/wp\/v2\/media?parent=773"}],"wp:term":[{"taxonomy":"category","embeddable":true,"href":"https:\/\/zacatlan.gob.mx\/boletines\/wp-json\/wp\/v2\/categories?post=773"},{"taxonomy":"post_tag","embeddable":true,"href":"https:\/\/zacatlan.gob.mx\/boletines\/wp-json\/wp\/v2\/tags?post=773"}],"curies":[{"name":"wp","href":"https:\/\/api.w.org\/{rel}","templated":true}]}}