{"id":5051,"date":"2026-08-26T10:34:06","date_gmt":"2026-08-26T16:34:06","guid":{"rendered":"https:\/\/zacatlan.gob.mx\/boletines\/?p=5051"},"modified":"2026-08-31T10:36:10","modified_gmt":"2026-08-31T16:36:10","slug":"ayuntamiento-de-zacatlan-y-el-iap-firman-convenio-de-colaboracion","status":"publish","type":"post","link":"https:\/\/zacatlan.gob.mx\/boletines\/2026\/08\/26\/ayuntamiento-de-zacatlan-y-el-iap-firman-convenio-de-colaboracion\/","title":{"rendered":"Ayuntamiento de Zacatl\u00e1n y el IAP firman convenio de colaboraci\u00f3n"},"content":{"rendered":"<p>A fin de abonar a la profesionalizaci\u00f3n de los servidores p\u00fablicos, e impactar de manera positiva con programas a favor de la poblaci\u00f3n, el Ayuntamiento de Zacatl\u00e1n encabezado Bety S\u00e1nchez, firm\u00f3 un convenio de colaboraci\u00f3n con el Instituto de Administraci\u00f3n P\u00fablica del Estado de Puebla (IAP), dirigido por Mario Rinc\u00f3n.<\/p>\n<p>Con este convenio, las y los funcionarios p\u00fablicos de Zacatl\u00e1n tendr\u00e1n mejores oportunidades de profesionalizaci\u00f3n, ya que el IAP brindar\u00e1 facilidades para estudiar maestr\u00edas, doctorados y licenciaturas, con el fin de mejorar su desempe\u00f1o.<\/p>\n<p>Bety S\u00e1nchez explic\u00f3 que este convenio es importante, ya que el IAP ofrece una preparaci\u00f3n acad\u00e9mica integral a los servidores p\u00fablicos, bajo el humanismo mexicano con el que se rigen los gobiernos de la Cuarta Transformaci\u00f3n, adem\u00e1s de la bio\u00e9tica social que es la base del modelo de gobierno del mandatario estatal, Alejandro Armenta.<\/p>\n<p>La presidenta municipal agradeci\u00f3 al director del IAP, Mario Rinc\u00f3n la apertura y disposici\u00f3n para que las y los funcionarios de Zacatl\u00e1n se puedan profesionalizar en esta instituci\u00f3n.<\/p>\n<p><img loading=\"lazy\" decoding=\"async\" class=\"alignnone size-large wp-image-5053\" src=\"https:\/\/zacatlan.gob.mx\/boletines\/wp-content\/uploads\/2026\/08\/c5009ac6-2bd5-46a2-a4b7-7e5f2efbbda8-1024x727.jpeg\" alt=\"\" width=\"1024\" height=\"727\" srcset=\"https:\/\/zacatlan.gob.mx\/boletines\/wp-content\/uploads\/2026\/08\/c5009ac6-2bd5-46a2-a4b7-7e5f2efbbda8-1024x727.jpeg 1024w, https:\/\/zacatlan.gob.mx\/boletines\/wp-content\/uploads\/2026\/08\/c5009ac6-2bd5-46a2-a4b7-7e5f2efbbda8-300x213.jpeg 300w, https:\/\/zacatlan.gob.mx\/boletines\/wp-content\/uploads\/2026\/08\/c5009ac6-2bd5-46a2-a4b7-7e5f2efbbda8-768x545.jpeg 768w, https:\/\/zacatlan.gob.mx\/boletines\/wp-content\/uploads\/2026\/08\/c5009ac6-2bd5-46a2-a4b7-7e5f2efbbda8-1536x1091.jpeg 1536w, https:\/\/zacatlan.gob.mx\/boletines\/wp-content\/uploads\/2026\/08\/c5009ac6-2bd5-46a2-a4b7-7e5f2efbbda8-585x415.jpeg 585w, https:\/\/zacatlan.gob.mx\/boletines\/wp-content\/uploads\/2026\/08\/c5009ac6-2bd5-46a2-a4b7-7e5f2efbbda8.jpeg 1600w\" sizes=\"auto, (max-width: 1024px) 100vw, 1024px\" \/> <img loading=\"lazy\" decoding=\"async\" class=\"alignnone size-large wp-image-5054\" src=\"https:\/\/zacatlan.gob.mx\/boletines\/wp-content\/uploads\/2026\/08\/0f0002ca-e8a7-4f2d-b39a-229b5493da07-1024x759.jpeg\" alt=\"\" width=\"1024\" height=\"759\" srcset=\"https:\/\/zacatlan.gob.mx\/boletines\/wp-content\/uploads\/2026\/08\/0f0002ca-e8a7-4f2d-b39a-229b5493da07-1024x759.jpeg 1024w, https:\/\/zacatlan.gob.mx\/boletines\/wp-content\/uploads\/2026\/08\/0f0002ca-e8a7-4f2d-b39a-229b5493da07-300x222.jpeg 300w, https:\/\/zacatlan.gob.mx\/boletines\/wp-content\/uploads\/2026\/08\/0f0002ca-e8a7-4f2d-b39a-229b5493da07-768x569.jpeg 768w, https:\/\/zacatlan.gob.mx\/boletines\/wp-content\/uploads\/2026\/08\/0f0002ca-e8a7-4f2d-b39a-229b5493da07-1536x1139.jpeg 1536w, https:\/\/zacatlan.gob.mx\/boletines\/wp-content\/uploads\/2026\/08\/0f0002ca-e8a7-4f2d-b39a-229b5493da07-585x434.jpeg 585w, https:\/\/zacatlan.gob.mx\/boletines\/wp-content\/uploads\/2026\/08\/0f0002ca-e8a7-4f2d-b39a-229b5493da07.jpeg 1600w\" sizes=\"auto, (max-width: 1024px) 100vw, 1024px\" \/><\/p>\n","protected":false},"excerpt":{"rendered":"<p>A fin de abonar a la profesionalizaci\u00f3n de los servidores p\u00fablicos, e impactar de manera positiva con programas a favor de la poblaci\u00f3n, el Ayuntamiento de Zacatl\u00e1n encabezado Bety S\u00e1nchez, firm\u00f3 un convenio de colaboraci\u00f3n con el Instituto de Administraci\u00f3n P\u00fablica del Estado de Puebla&#8230;<\/p>\n","protected":false},"author":2,"featured_media":5052,"comment_status":"open","ping_status":"open","sticky":false,"template":"","format":"standard","meta":{"footnotes":""},"categories":[4],"tags":[738],"class_list":["post-5051","post","type-post","status-publish","format-standard","has-post-thumbnail","hentry","category-boletines","tag-iap"],"_links":{"self":[{"href":"https:\/\/zacatlan.gob.mx\/boletines\/wp-json\/wp\/v2\/posts\/5051","targetHints":{"allow":["GET"]}}],"collection":[{"href":"https:\/\/zacatlan.gob.mx\/boletines\/wp-json\/wp\/v2\/posts"}],"about":[{"href":"https:\/\/zacatlan.gob.mx\/boletines\/wp-json\/wp\/v2\/types\/post"}],"author":[{"embeddable":true,"href":"https:\/\/zacatlan.gob.mx\/boletines\/wp-json\/wp\/v2\/users\/2"}],"replies":[{"embeddable":true,"href":"https:\/\/zacatlan.gob.mx\/boletines\/wp-json\/wp\/v2\/comments?post=5051"}],"version-history":[{"count":1,"href":"https:\/\/zacatlan.gob.mx\/boletines\/wp-json\/wp\/v2\/posts\/5051\/revisions"}],"predecessor-version":[{"id":5055,"href":"https:\/\/zacatlan.gob.mx\/boletines\/wp-json\/wp\/v2\/posts\/5051\/revisions\/5055"}],"wp:featuredmedia":[{"embeddable":true,"href":"https:\/\/zacatlan.gob.mx\/boletines\/wp-json\/wp\/v2\/media\/5052"}],"wp:attachment":[{"href":"https:\/\/zacatlan.gob.mx\/boletines\/wp-json\/wp\/v2\/media?parent=5051"}],"wp:term":[{"taxonomy":"category","embeddable":true,"href":"https:\/\/zacatlan.gob.mx\/boletines\/wp-json\/wp\/v2\/categories?post=5051"},{"taxonomy":"post_tag","embeddable":true,"href":"https:\/\/zacatlan.gob.mx\/boletines\/wp-json\/wp\/v2\/tags?post=5051"}],"curies":[{"name":"wp","href":"https:\/\/api.w.org\/{rel}","templated":true}]}}