{"id":5008,"date":"2026-08-21T14:40:01","date_gmt":"2026-08-21T20:40:01","guid":{"rendered":"https:\/\/zacatlan.gob.mx\/boletines\/?p=5008"},"modified":"2026-08-21T14:40:01","modified_gmt":"2026-08-21T20:40:01","slug":"despues-de-70-anos-ayuntamiento-de-zacatlan-abre-boveda-pluvial-del-centro-para-desazolvar","status":"publish","type":"post","link":"https:\/\/zacatlan.gob.mx\/boletines\/2026\/08\/21\/despues-de-70-anos-ayuntamiento-de-zacatlan-abre-boveda-pluvial-del-centro-para-desazolvar\/","title":{"rendered":"Despu\u00e9s de 70 a\u00f1os, Ayuntamiento de Zacatl\u00e1n abre b\u00f3veda pluvial del Centro para desazolvar"},"content":{"rendered":"<p>A fin de mitigar loas afectaciones por las lluvias, el Ayuntamiento de Zacatl\u00e1n encabezado por la presidenta municipal, Bety S\u00e1nchez abri\u00f3 la b\u00f3veda pluvial del Centro, una acci\u00f3n que no se realizaba desde hace 70 a\u00f1os.<\/p>\n<p>Sobre esta b\u00f3veda corre el agua pluvial desde el corredor educativo donde se encuentran las primarias: Primaria Anexa a la Normal Oficial Licenciado Benito Ju\u00e1rez, Primaria Adolfo Ru\u00edz Cortines y la Manuel \u00c1vila Camacho, hacia la calle Luis Cabrera, la 2 de Abril y hasta descargar en la l\u00ednea 5 de la barranca.<\/p>\n<p>La intenci\u00f3n de abrir la b\u00f3veda despu\u00e9s de 70 a\u00f1os, es para limpiarla y desazolvarla ya que en algunas zonas se encuentra tapada, lo que impide el flujo del agua pluvial, pero con estos trabajos el vital l\u00edquido podr\u00e1 correr m\u00e1s r\u00e1pido, ayudando a que sean menos los encharcamientos.<\/p>\n<p>Los trabajos se realizan previos a las lluvias pronosticadas para septiembre y octubre.<\/p>\n<p><img loading=\"lazy\" decoding=\"async\" class=\"alignnone size-large wp-image-5009\" src=\"https:\/\/zacatlan.gob.mx\/boletines\/wp-content\/uploads\/2026\/08\/610907cc-a06c-4a90-8601-8198499d730b-1024x576.jpeg\" alt=\"\" width=\"1024\" height=\"576\" srcset=\"https:\/\/zacatlan.gob.mx\/boletines\/wp-content\/uploads\/2026\/08\/610907cc-a06c-4a90-8601-8198499d730b-1024x576.jpeg 1024w, https:\/\/zacatlan.gob.mx\/boletines\/wp-content\/uploads\/2026\/08\/610907cc-a06c-4a90-8601-8198499d730b-300x169.jpeg 300w, https:\/\/zacatlan.gob.mx\/boletines\/wp-content\/uploads\/2026\/08\/610907cc-a06c-4a90-8601-8198499d730b-768x432.jpeg 768w, https:\/\/zacatlan.gob.mx\/boletines\/wp-content\/uploads\/2026\/08\/610907cc-a06c-4a90-8601-8198499d730b-1200x675.jpeg 1200w, https:\/\/zacatlan.gob.mx\/boletines\/wp-content\/uploads\/2026\/08\/610907cc-a06c-4a90-8601-8198499d730b-585x329.jpeg 585w, https:\/\/zacatlan.gob.mx\/boletines\/wp-content\/uploads\/2026\/08\/610907cc-a06c-4a90-8601-8198499d730b.jpeg 1280w\" sizes=\"auto, (max-width: 1024px) 100vw, 1024px\" \/> <img loading=\"lazy\" decoding=\"async\" class=\"alignnone size-large wp-image-5010\" src=\"https:\/\/zacatlan.gob.mx\/boletines\/wp-content\/uploads\/2026\/08\/347ec055-0dea-464a-88f7-84f6895c79ae-1024x576.jpeg\" alt=\"\" width=\"1024\" height=\"576\" srcset=\"https:\/\/zacatlan.gob.mx\/boletines\/wp-content\/uploads\/2026\/08\/347ec055-0dea-464a-88f7-84f6895c79ae-1024x576.jpeg 1024w, https:\/\/zacatlan.gob.mx\/boletines\/wp-content\/uploads\/2026\/08\/347ec055-0dea-464a-88f7-84f6895c79ae-300x169.jpeg 300w, https:\/\/zacatlan.gob.mx\/boletines\/wp-content\/uploads\/2026\/08\/347ec055-0dea-464a-88f7-84f6895c79ae-768x432.jpeg 768w, https:\/\/zacatlan.gob.mx\/boletines\/wp-content\/uploads\/2026\/08\/347ec055-0dea-464a-88f7-84f6895c79ae-1200x675.jpeg 1200w, https:\/\/zacatlan.gob.mx\/boletines\/wp-content\/uploads\/2026\/08\/347ec055-0dea-464a-88f7-84f6895c79ae-585x329.jpeg 585w, https:\/\/zacatlan.gob.mx\/boletines\/wp-content\/uploads\/2026\/08\/347ec055-0dea-464a-88f7-84f6895c79ae.jpeg 1280w\" sizes=\"auto, (max-width: 1024px) 100vw, 1024px\" \/> <img loading=\"lazy\" decoding=\"async\" class=\"alignnone size-large wp-image-5012\" src=\"https:\/\/zacatlan.gob.mx\/boletines\/wp-content\/uploads\/2026\/08\/574270c0-ec2d-4f86-b896-0fd460fc33aa-1024x576.jpeg\" alt=\"\" width=\"1024\" height=\"576\" srcset=\"https:\/\/zacatlan.gob.mx\/boletines\/wp-content\/uploads\/2026\/08\/574270c0-ec2d-4f86-b896-0fd460fc33aa-1024x576.jpeg 1024w, https:\/\/zacatlan.gob.mx\/boletines\/wp-content\/uploads\/2026\/08\/574270c0-ec2d-4f86-b896-0fd460fc33aa-300x169.jpeg 300w, https:\/\/zacatlan.gob.mx\/boletines\/wp-content\/uploads\/2026\/08\/574270c0-ec2d-4f86-b896-0fd460fc33aa-768x432.jpeg 768w, https:\/\/zacatlan.gob.mx\/boletines\/wp-content\/uploads\/2026\/08\/574270c0-ec2d-4f86-b896-0fd460fc33aa-1200x675.jpeg 1200w, https:\/\/zacatlan.gob.mx\/boletines\/wp-content\/uploads\/2026\/08\/574270c0-ec2d-4f86-b896-0fd460fc33aa-585x329.jpeg 585w, https:\/\/zacatlan.gob.mx\/boletines\/wp-content\/uploads\/2026\/08\/574270c0-ec2d-4f86-b896-0fd460fc33aa.jpeg 1280w\" sizes=\"auto, (max-width: 1024px) 100vw, 1024px\" \/> <img loading=\"lazy\" decoding=\"async\" class=\"alignnone size-large wp-image-5013\" src=\"https:\/\/zacatlan.gob.mx\/boletines\/wp-content\/uploads\/2026\/08\/ae8bdf13-645f-4aff-b032-ebf7ce43cc28-1024x576.jpeg\" alt=\"\" width=\"1024\" height=\"576\" srcset=\"https:\/\/zacatlan.gob.mx\/boletines\/wp-content\/uploads\/2026\/08\/ae8bdf13-645f-4aff-b032-ebf7ce43cc28-1024x576.jpeg 1024w, https:\/\/zacatlan.gob.mx\/boletines\/wp-content\/uploads\/2026\/08\/ae8bdf13-645f-4aff-b032-ebf7ce43cc28-300x169.jpeg 300w, https:\/\/zacatlan.gob.mx\/boletines\/wp-content\/uploads\/2026\/08\/ae8bdf13-645f-4aff-b032-ebf7ce43cc28-768x432.jpeg 768w, https:\/\/zacatlan.gob.mx\/boletines\/wp-content\/uploads\/2026\/08\/ae8bdf13-645f-4aff-b032-ebf7ce43cc28-1200x675.jpeg 1200w, https:\/\/zacatlan.gob.mx\/boletines\/wp-content\/uploads\/2026\/08\/ae8bdf13-645f-4aff-b032-ebf7ce43cc28-585x329.jpeg 585w, https:\/\/zacatlan.gob.mx\/boletines\/wp-content\/uploads\/2026\/08\/ae8bdf13-645f-4aff-b032-ebf7ce43cc28.jpeg 1280w\" sizes=\"auto, (max-width: 1024px) 100vw, 1024px\" \/><\/p>\n","protected":false},"excerpt":{"rendered":"<p>A fin de mitigar loas afectaciones por las lluvias, el Ayuntamiento de Zacatl\u00e1n encabezado por la presidenta municipal, Bety S\u00e1nchez abri\u00f3 la b\u00f3veda pluvial del Centro, una acci\u00f3n que no se realizaba desde hace 70 a\u00f1os. Sobre esta b\u00f3veda corre el agua pluvial desde el&#8230;<\/p>\n","protected":false},"author":2,"featured_media":5011,"comment_status":"open","ping_status":"open","sticky":false,"template":"","format":"standard","meta":{"footnotes":""},"categories":[4],"tags":[735],"class_list":["post-5008","post","type-post","status-publish","format-standard","has-post-thumbnail","hentry","category-boletines","tag-boveda-pluvial"],"_links":{"self":[{"href":"https:\/\/zacatlan.gob.mx\/boletines\/wp-json\/wp\/v2\/posts\/5008","targetHints":{"allow":["GET"]}}],"collection":[{"href":"https:\/\/zacatlan.gob.mx\/boletines\/wp-json\/wp\/v2\/posts"}],"about":[{"href":"https:\/\/zacatlan.gob.mx\/boletines\/wp-json\/wp\/v2\/types\/post"}],"author":[{"embeddable":true,"href":"https:\/\/zacatlan.gob.mx\/boletines\/wp-json\/wp\/v2\/users\/2"}],"replies":[{"embeddable":true,"href":"https:\/\/zacatlan.gob.mx\/boletines\/wp-json\/wp\/v2\/comments?post=5008"}],"version-history":[{"count":1,"href":"https:\/\/zacatlan.gob.mx\/boletines\/wp-json\/wp\/v2\/posts\/5008\/revisions"}],"predecessor-version":[{"id":5014,"href":"https:\/\/zacatlan.gob.mx\/boletines\/wp-json\/wp\/v2\/posts\/5008\/revisions\/5014"}],"wp:featuredmedia":[{"embeddable":true,"href":"https:\/\/zacatlan.gob.mx\/boletines\/wp-json\/wp\/v2\/media\/5011"}],"wp:attachment":[{"href":"https:\/\/zacatlan.gob.mx\/boletines\/wp-json\/wp\/v2\/media?parent=5008"}],"wp:term":[{"taxonomy":"category","embeddable":true,"href":"https:\/\/zacatlan.gob.mx\/boletines\/wp-json\/wp\/v2\/categories?post=5008"},{"taxonomy":"post_tag","embeddable":true,"href":"https:\/\/zacatlan.gob.mx\/boletines\/wp-json\/wp\/v2\/tags?post=5008"}],"curies":[{"name":"wp","href":"https:\/\/api.w.org\/{rel}","templated":true}]}}