{"id":4116,"date":"2026-04-29T12:48:45","date_gmt":"2026-04-29T18:48:45","guid":{"rendered":"https:\/\/zacatlan.gob.mx\/boletines\/?p=4116"},"modified":"2026-04-29T12:49:08","modified_gmt":"2026-04-29T18:49:08","slug":"patrimonio-la-exposicion-de-santiago-arau-de-fotografias-aereas-que-se-han-ganado-el-corazon-de-mexico-llega-a-zacatlan","status":"publish","type":"post","link":"https:\/\/zacatlan.gob.mx\/boletines\/2026\/04\/29\/patrimonio-la-exposicion-de-santiago-arau-de-fotografias-aereas-que-se-han-ganado-el-corazon-de-mexico-llega-a-zacatlan\/","title":{"rendered":"\u201cPatrimonio\u201d, la exposici\u00f3n de Santiago Arau de fotograf\u00edas a\u00e9reas que se han ganado el coraz\u00f3n de M\u00e9xico, llega a Zacatl\u00e1n."},"content":{"rendered":"<p>Gracias a un esfuerzo conjunto del Ayuntamiento, a trav\u00e9s de la Coordinaci\u00f3n de Cultura y Educaci\u00f3n y de Fomento Cultural BBVA M\u00e9xico, el Pueblo M\u00e1gico de Zacatl\u00e1n recibir\u00e1 la exposici\u00f3n \u201cPatrimonio\u201d del artista Santiago Arau. Esta muestra acercar\u00e1 a la poblaci\u00f3n la riqueza cultural del pa\u00eds y los rincones m\u00e1s emblem\u00e1ticos de M\u00e9xico a trav\u00e9s de la mirada del reconocido fot\u00f3grafo.<\/p>\n<p>Esta exposici\u00f3n incluye 52 fotograf\u00edas a\u00e9reas, en las cuales Santiago Arau retrata la orograf\u00eda que pinta el territorio mexicano desde las alturas. De norte a sur, el fot\u00f3grafo originario de la Ciudad de M\u00e9xico, nos muestra a trav\u00e9s del poderoso lente de su c\u00e1mara, la profundidad y la aspereza de los suelos y paisajes mexicanos que se dibujan y nos miran desde las alturas.<\/p>\n<p>Cabe mencionar, que este artista es pionero en las fotograf\u00edas hechas con dron, generando un sentido de pertenencia, amor por la tierra, adem\u00e1s de mostrar la riqueza natural, cultural y de diversidad que hay en M\u00e9xico.<br \/>\nCon \u201cPatrimonio\u201d, el Ayuntamiento de Zacatl\u00e1n y Fomento Cultural BBVA M\u00e9xico, acercan no solo el arte y la cultura al Pueblo M\u00e1gico impulsando al mismo tiempo la creatividad, innovaci\u00f3n, y el fomento de las artes como medios, para la reconstrucci\u00f3n del tejido social.<\/p>\n<p>La exposici\u00f3n estar\u00e1 a partir del 30 de abril y hasta el 15 de junio, en el Gran Sal\u00f3n Luis Cabrera Lobato del Palacio Municipal, y ser\u00e1 gratis para las y los zacatecos, as\u00ed como los turistas para que disfruten de estas obras art\u00edsticas.<\/p>\n<p><img loading=\"lazy\" decoding=\"async\" class=\"alignnone size-large wp-image-4117\" src=\"https:\/\/zacatlan.gob.mx\/boletines\/wp-content\/uploads\/2026\/04\/88ba4d61-5077-4d3f-891d-c61fb5e5e9f2-732x1024.jpg\" alt=\"\" width=\"732\" height=\"1024\" srcset=\"https:\/\/zacatlan.gob.mx\/boletines\/wp-content\/uploads\/2026\/04\/88ba4d61-5077-4d3f-891d-c61fb5e5e9f2-732x1024.jpg 732w, https:\/\/zacatlan.gob.mx\/boletines\/wp-content\/uploads\/2026\/04\/88ba4d61-5077-4d3f-891d-c61fb5e5e9f2-214x300.jpg 214w, https:\/\/zacatlan.gob.mx\/boletines\/wp-content\/uploads\/2026\/04\/88ba4d61-5077-4d3f-891d-c61fb5e5e9f2-768x1075.jpg 768w, https:\/\/zacatlan.gob.mx\/boletines\/wp-content\/uploads\/2026\/04\/88ba4d61-5077-4d3f-891d-c61fb5e5e9f2-585x819.jpg 585w, https:\/\/zacatlan.gob.mx\/boletines\/wp-content\/uploads\/2026\/04\/88ba4d61-5077-4d3f-891d-c61fb5e5e9f2.jpg 893w\" sizes=\"auto, (max-width: 732px) 100vw, 732px\" \/> <img loading=\"lazy\" decoding=\"async\" class=\"alignnone size-large wp-image-4119\" src=\"https:\/\/zacatlan.gob.mx\/boletines\/wp-content\/uploads\/2026\/04\/381eba39-5d8c-484d-bc21-89c8510232f0-1024x682.jpg\" alt=\"\" width=\"1024\" height=\"682\" srcset=\"https:\/\/zacatlan.gob.mx\/boletines\/wp-content\/uploads\/2026\/04\/381eba39-5d8c-484d-bc21-89c8510232f0-1024x682.jpg 1024w, https:\/\/zacatlan.gob.mx\/boletines\/wp-content\/uploads\/2026\/04\/381eba39-5d8c-484d-bc21-89c8510232f0-300x200.jpg 300w, https:\/\/zacatlan.gob.mx\/boletines\/wp-content\/uploads\/2026\/04\/381eba39-5d8c-484d-bc21-89c8510232f0-768x512.jpg 768w, https:\/\/zacatlan.gob.mx\/boletines\/wp-content\/uploads\/2026\/04\/381eba39-5d8c-484d-bc21-89c8510232f0-1536x1024.jpg 1536w, https:\/\/zacatlan.gob.mx\/boletines\/wp-content\/uploads\/2026\/04\/381eba39-5d8c-484d-bc21-89c8510232f0-585x390.jpg 585w, https:\/\/zacatlan.gob.mx\/boletines\/wp-content\/uploads\/2026\/04\/381eba39-5d8c-484d-bc21-89c8510232f0.jpg 2000w\" sizes=\"auto, (max-width: 1024px) 100vw, 1024px\" \/><\/p>\n","protected":false},"excerpt":{"rendered":"<p>Gracias a un esfuerzo conjunto del Ayuntamiento, a trav\u00e9s de la Coordinaci\u00f3n de Cultura y Educaci\u00f3n y de Fomento Cultural BBVA M\u00e9xico, el Pueblo M\u00e1gico de Zacatl\u00e1n recibir\u00e1 la exposici\u00f3n \u201cPatrimonio\u201d del artista Santiago Arau. Esta muestra acercar\u00e1 a la poblaci\u00f3n la riqueza cultural del&#8230;<\/p>\n","protected":false},"author":2,"featured_media":4118,"comment_status":"open","ping_status":"open","sticky":false,"template":"","format":"standard","meta":{"footnotes":""},"categories":[4],"tags":[636,634,635],"class_list":["post-4116","post","type-post","status-publish","format-standard","has-post-thumbnail","hentry","category-boletines","tag-corazon-de-mexico","tag-exposicion","tag-fotografias"],"_links":{"self":[{"href":"https:\/\/zacatlan.gob.mx\/boletines\/wp-json\/wp\/v2\/posts\/4116","targetHints":{"allow":["GET"]}}],"collection":[{"href":"https:\/\/zacatlan.gob.mx\/boletines\/wp-json\/wp\/v2\/posts"}],"about":[{"href":"https:\/\/zacatlan.gob.mx\/boletines\/wp-json\/wp\/v2\/types\/post"}],"author":[{"embeddable":true,"href":"https:\/\/zacatlan.gob.mx\/boletines\/wp-json\/wp\/v2\/users\/2"}],"replies":[{"embeddable":true,"href":"https:\/\/zacatlan.gob.mx\/boletines\/wp-json\/wp\/v2\/comments?post=4116"}],"version-history":[{"count":1,"href":"https:\/\/zacatlan.gob.mx\/boletines\/wp-json\/wp\/v2\/posts\/4116\/revisions"}],"predecessor-version":[{"id":4120,"href":"https:\/\/zacatlan.gob.mx\/boletines\/wp-json\/wp\/v2\/posts\/4116\/revisions\/4120"}],"wp:featuredmedia":[{"embeddable":true,"href":"https:\/\/zacatlan.gob.mx\/boletines\/wp-json\/wp\/v2\/media\/4118"}],"wp:attachment":[{"href":"https:\/\/zacatlan.gob.mx\/boletines\/wp-json\/wp\/v2\/media?parent=4116"}],"wp:term":[{"taxonomy":"category","embeddable":true,"href":"https:\/\/zacatlan.gob.mx\/boletines\/wp-json\/wp\/v2\/categories?post=4116"},{"taxonomy":"post_tag","embeddable":true,"href":"https:\/\/zacatlan.gob.mx\/boletines\/wp-json\/wp\/v2\/tags?post=4116"}],"curies":[{"name":"wp","href":"https:\/\/api.w.org\/{rel}","templated":true}]}}