{"id":4091,"date":"2026-04-25T13:22:30","date_gmt":"2026-04-25T19:22:30","guid":{"rendered":"https:\/\/zacatlan.gob.mx\/boletines\/?p=4091"},"modified":"2026-04-27T13:24:01","modified_gmt":"2026-04-27T19:24:01","slug":"gobiernos-federal-estatal-y-municipales-se-reunen-en-zacatlan-para-encuentro-con-empresarios","status":"publish","type":"post","link":"https:\/\/zacatlan.gob.mx\/boletines\/2026\/04\/25\/gobiernos-federal-estatal-y-municipales-se-reunen-en-zacatlan-para-encuentro-con-empresarios\/","title":{"rendered":"Gobiernos federal, estatal y municipales se re\u00fanen en Zacatl\u00e1n para encuentro con empresarios"},"content":{"rendered":"<p>Este s\u00e1bado, el coordinador General del Corredor Econ\u00f3mico de Bienestar de la Secretar\u00eda de Econom\u00eda, Juan Carlos Natale L\u00f3pez tuvo un encuentro con empresarios de Zacatl\u00e1n, Chignahuapan y Ahuazotepec, para compartirles los programas del Gobierno Federal en esta materia y escuchar sus necesidades.<\/p>\n<p>Al respecto, la presidenta municipal, Bety S\u00e1nchez refiri\u00f3 que la Sierra Norte de Puebla es una tierra productiva, con gente trabajadora y con iniciativa.<\/p>\n<p>Comparti\u00f3 que en Zacatl\u00e1n su administraci\u00f3n est\u00e1 haciendo diversos esfuerzos para apoyar a quienes inician con proyectos productivos, pero dijo que algo en lo que ha puesto especial atenci\u00f3n, es en la capacitaci\u00f3n, porque solo de esa forma se puedan fortalecer los productos y servicios.<\/p>\n<p>Por su parte, el Juan Carlos Natale L\u00f3pez habl\u00f3 con los empresarios, sobre la importancia de la marca #HechoEnM\u00e9xico, los invit\u00f3 a que se sumen a esta iniciativa de la presidenta, Claudia Sheinbaum.<\/p>\n<p>Asimismo, les explic\u00f3 la importancia de que tanto productos y servicios, est\u00e9n elaborados con materiales del mismo municipio, as\u00ed como de la regi\u00f3n, a fin de fortalecer la cadena productiva, de tener econom\u00eda circular e ir incentivando el crecimiento econ\u00f3mico de la zona.<\/p>\n<p>Explic\u00f3 que el Gobierno de la presidenta Claudia Sheinbaum est\u00e1 impulsando pol\u00edticas p\u00fablicas, para impulsar un verdadero desarrollo econ\u00f3mico, haciendo an\u00e1lisis estrat\u00e9gicos de las regiones, para por ecualizar los productos y servicios.<\/p>\n<p>Finalmente, Alberto Lastiri, director de Fomento Empresarial del Gobierno del Estado, explic\u00f3 que los tres niveles de gobierno est\u00e1n trabajando, para apoyar a los sectores productivos. Se\u00f1al\u00f3 que en Puebla est\u00e1 la marca 5 de Mayo y que poco a poco se han ido sumando m\u00e1s empresarios para contar con el distintivo.<\/p>\n<p>Con esto, se impulsa el desarrollo y progreso del Estado de Puebla y los municipios.<\/p>\n<p><img loading=\"lazy\" decoding=\"async\" class=\"alignnone size-large wp-image-4093\" src=\"https:\/\/zacatlan.gob.mx\/boletines\/wp-content\/uploads\/2026\/04\/4661cc16-ddef-4ff3-91ff-a482c278c02d-1024x776.jpeg\" alt=\"\" width=\"1024\" height=\"776\" srcset=\"https:\/\/zacatlan.gob.mx\/boletines\/wp-content\/uploads\/2026\/04\/4661cc16-ddef-4ff3-91ff-a482c278c02d-1024x776.jpeg 1024w, https:\/\/zacatlan.gob.mx\/boletines\/wp-content\/uploads\/2026\/04\/4661cc16-ddef-4ff3-91ff-a482c278c02d-300x227.jpeg 300w, https:\/\/zacatlan.gob.mx\/boletines\/wp-content\/uploads\/2026\/04\/4661cc16-ddef-4ff3-91ff-a482c278c02d-768x582.jpeg 768w, https:\/\/zacatlan.gob.mx\/boletines\/wp-content\/uploads\/2026\/04\/4661cc16-ddef-4ff3-91ff-a482c278c02d-1536x1164.jpeg 1536w, https:\/\/zacatlan.gob.mx\/boletines\/wp-content\/uploads\/2026\/04\/4661cc16-ddef-4ff3-91ff-a482c278c02d-585x443.jpeg 585w, https:\/\/zacatlan.gob.mx\/boletines\/wp-content\/uploads\/2026\/04\/4661cc16-ddef-4ff3-91ff-a482c278c02d.jpeg 1600w\" sizes=\"auto, (max-width: 1024px) 100vw, 1024px\" \/> <img loading=\"lazy\" decoding=\"async\" class=\"alignnone size-large wp-image-4094\" src=\"https:\/\/zacatlan.gob.mx\/boletines\/wp-content\/uploads\/2026\/04\/5f3cf082-6945-4ee6-a9ad-7edf310354af-1024x682.jpeg\" alt=\"\" width=\"1024\" height=\"682\" srcset=\"https:\/\/zacatlan.gob.mx\/boletines\/wp-content\/uploads\/2026\/04\/5f3cf082-6945-4ee6-a9ad-7edf310354af-1024x682.jpeg 1024w, https:\/\/zacatlan.gob.mx\/boletines\/wp-content\/uploads\/2026\/04\/5f3cf082-6945-4ee6-a9ad-7edf310354af-300x200.jpeg 300w, https:\/\/zacatlan.gob.mx\/boletines\/wp-content\/uploads\/2026\/04\/5f3cf082-6945-4ee6-a9ad-7edf310354af-768x512.jpeg 768w, https:\/\/zacatlan.gob.mx\/boletines\/wp-content\/uploads\/2026\/04\/5f3cf082-6945-4ee6-a9ad-7edf310354af-1536x1023.jpeg 1536w, https:\/\/zacatlan.gob.mx\/boletines\/wp-content\/uploads\/2026\/04\/5f3cf082-6945-4ee6-a9ad-7edf310354af-585x390.jpeg 585w, https:\/\/zacatlan.gob.mx\/boletines\/wp-content\/uploads\/2026\/04\/5f3cf082-6945-4ee6-a9ad-7edf310354af.jpeg 1600w\" sizes=\"auto, (max-width: 1024px) 100vw, 1024px\" \/> <img loading=\"lazy\" decoding=\"async\" class=\"alignnone size-large wp-image-4095\" src=\"https:\/\/zacatlan.gob.mx\/boletines\/wp-content\/uploads\/2026\/04\/e9aea16d-6c5e-4126-9dd4-ac0f9a899c3d-1024x682.jpeg\" alt=\"\" width=\"1024\" height=\"682\" srcset=\"https:\/\/zacatlan.gob.mx\/boletines\/wp-content\/uploads\/2026\/04\/e9aea16d-6c5e-4126-9dd4-ac0f9a899c3d-1024x682.jpeg 1024w, https:\/\/zacatlan.gob.mx\/boletines\/wp-content\/uploads\/2026\/04\/e9aea16d-6c5e-4126-9dd4-ac0f9a899c3d-300x200.jpeg 300w, https:\/\/zacatlan.gob.mx\/boletines\/wp-content\/uploads\/2026\/04\/e9aea16d-6c5e-4126-9dd4-ac0f9a899c3d-768x512.jpeg 768w, https:\/\/zacatlan.gob.mx\/boletines\/wp-content\/uploads\/2026\/04\/e9aea16d-6c5e-4126-9dd4-ac0f9a899c3d-1536x1023.jpeg 1536w, https:\/\/zacatlan.gob.mx\/boletines\/wp-content\/uploads\/2026\/04\/e9aea16d-6c5e-4126-9dd4-ac0f9a899c3d-585x390.jpeg 585w, https:\/\/zacatlan.gob.mx\/boletines\/wp-content\/uploads\/2026\/04\/e9aea16d-6c5e-4126-9dd4-ac0f9a899c3d.jpeg 1600w\" sizes=\"auto, (max-width: 1024px) 100vw, 1024px\" \/> <img loading=\"lazy\" decoding=\"async\" class=\"alignnone size-large wp-image-4096\" src=\"https:\/\/zacatlan.gob.mx\/boletines\/wp-content\/uploads\/2026\/04\/de3b1979-ffe8-4e2b-9208-c4a539f25f90-1024x683.jpeg\" alt=\"\" width=\"1024\" height=\"683\" srcset=\"https:\/\/zacatlan.gob.mx\/boletines\/wp-content\/uploads\/2026\/04\/de3b1979-ffe8-4e2b-9208-c4a539f25f90-1024x683.jpeg 1024w, https:\/\/zacatlan.gob.mx\/boletines\/wp-content\/uploads\/2026\/04\/de3b1979-ffe8-4e2b-9208-c4a539f25f90-300x200.jpeg 300w, https:\/\/zacatlan.gob.mx\/boletines\/wp-content\/uploads\/2026\/04\/de3b1979-ffe8-4e2b-9208-c4a539f25f90-768x512.jpeg 768w, https:\/\/zacatlan.gob.mx\/boletines\/wp-content\/uploads\/2026\/04\/de3b1979-ffe8-4e2b-9208-c4a539f25f90-1536x1025.jpeg 1536w, https:\/\/zacatlan.gob.mx\/boletines\/wp-content\/uploads\/2026\/04\/de3b1979-ffe8-4e2b-9208-c4a539f25f90-2048x1367.jpeg 2048w, https:\/\/zacatlan.gob.mx\/boletines\/wp-content\/uploads\/2026\/04\/de3b1979-ffe8-4e2b-9208-c4a539f25f90-585x390.jpeg 585w\" sizes=\"auto, (max-width: 1024px) 100vw, 1024px\" \/> <img loading=\"lazy\" decoding=\"async\" class=\"alignnone size-large wp-image-4097\" src=\"https:\/\/zacatlan.gob.mx\/boletines\/wp-content\/uploads\/2026\/04\/e5128f45-ebca-4e73-8182-bdcdff4e9cdb-682x1024.jpeg\" alt=\"\" width=\"682\" height=\"1024\" srcset=\"https:\/\/zacatlan.gob.mx\/boletines\/wp-content\/uploads\/2026\/04\/e5128f45-ebca-4e73-8182-bdcdff4e9cdb-682x1024.jpeg 682w, https:\/\/zacatlan.gob.mx\/boletines\/wp-content\/uploads\/2026\/04\/e5128f45-ebca-4e73-8182-bdcdff4e9cdb-200x300.jpeg 200w, https:\/\/zacatlan.gob.mx\/boletines\/wp-content\/uploads\/2026\/04\/e5128f45-ebca-4e73-8182-bdcdff4e9cdb-768x1153.jpeg 768w, https:\/\/zacatlan.gob.mx\/boletines\/wp-content\/uploads\/2026\/04\/e5128f45-ebca-4e73-8182-bdcdff4e9cdb-1023x1536.jpeg 1023w, https:\/\/zacatlan.gob.mx\/boletines\/wp-content\/uploads\/2026\/04\/e5128f45-ebca-4e73-8182-bdcdff4e9cdb-585x878.jpeg 585w, https:\/\/zacatlan.gob.mx\/boletines\/wp-content\/uploads\/2026\/04\/e5128f45-ebca-4e73-8182-bdcdff4e9cdb.jpeg 1066w\" sizes=\"auto, (max-width: 682px) 100vw, 682px\" \/><\/p>\n","protected":false},"excerpt":{"rendered":"<p>Este s\u00e1bado, el coordinador General del Corredor Econ\u00f3mico de Bienestar de la Secretar\u00eda de Econom\u00eda, Juan Carlos Natale L\u00f3pez tuvo un encuentro con empresarios de Zacatl\u00e1n, Chignahuapan y Ahuazotepec, para compartirles los programas del Gobierno Federal en esta materia y escuchar sus necesidades. Al respecto,&#8230;<\/p>\n","protected":false},"author":2,"featured_media":4092,"comment_status":"open","ping_status":"open","sticky":false,"template":"","format":"standard","meta":{"footnotes":""},"categories":[4],"tags":[631],"class_list":["post-4091","post","type-post","status-publish","format-standard","has-post-thumbnail","hentry","category-boletines","tag-encuentro-con-empresarios"],"_links":{"self":[{"href":"https:\/\/zacatlan.gob.mx\/boletines\/wp-json\/wp\/v2\/posts\/4091","targetHints":{"allow":["GET"]}}],"collection":[{"href":"https:\/\/zacatlan.gob.mx\/boletines\/wp-json\/wp\/v2\/posts"}],"about":[{"href":"https:\/\/zacatlan.gob.mx\/boletines\/wp-json\/wp\/v2\/types\/post"}],"author":[{"embeddable":true,"href":"https:\/\/zacatlan.gob.mx\/boletines\/wp-json\/wp\/v2\/users\/2"}],"replies":[{"embeddable":true,"href":"https:\/\/zacatlan.gob.mx\/boletines\/wp-json\/wp\/v2\/comments?post=4091"}],"version-history":[{"count":1,"href":"https:\/\/zacatlan.gob.mx\/boletines\/wp-json\/wp\/v2\/posts\/4091\/revisions"}],"predecessor-version":[{"id":4098,"href":"https:\/\/zacatlan.gob.mx\/boletines\/wp-json\/wp\/v2\/posts\/4091\/revisions\/4098"}],"wp:featuredmedia":[{"embeddable":true,"href":"https:\/\/zacatlan.gob.mx\/boletines\/wp-json\/wp\/v2\/media\/4092"}],"wp:attachment":[{"href":"https:\/\/zacatlan.gob.mx\/boletines\/wp-json\/wp\/v2\/media?parent=4091"}],"wp:term":[{"taxonomy":"category","embeddable":true,"href":"https:\/\/zacatlan.gob.mx\/boletines\/wp-json\/wp\/v2\/categories?post=4091"},{"taxonomy":"post_tag","embeddable":true,"href":"https:\/\/zacatlan.gob.mx\/boletines\/wp-json\/wp\/v2\/tags?post=4091"}],"curies":[{"name":"wp","href":"https:\/\/api.w.org\/{rel}","templated":true}]}}