{"id":3921,"date":"2026-03-29T19:00:31","date_gmt":"2026-03-30T01:00:31","guid":{"rendered":"https:\/\/zacatlan.gob.mx\/boletines\/?p=3921"},"modified":"2026-03-30T12:46:07","modified_gmt":"2026-03-30T18:46:07","slug":"ayuntamiento-de-zacatlan-inicia-reordenamiento-de-la-zona-comercial-en-los-ecoparques-turisticos","status":"publish","type":"post","link":"https:\/\/zacatlan.gob.mx\/boletines\/2026\/03\/29\/ayuntamiento-de-zacatlan-inicia-reordenamiento-de-la-zona-comercial-en-los-ecoparques-turisticos\/","title":{"rendered":"Ayuntamiento de Zacatl\u00e1n inicia reordenamiento de la zona comercial en los ecoparques tur\u00edsticos"},"content":{"rendered":"<p>A trav\u00e9s del trabajo coordinado entre diversas \u00e1reas del Ayuntamiento de Zacatl\u00e1n, se inici\u00f3 con la primera etapa del reordenamiento de la zona comercial de los ecoparques tur\u00edsticos. Est\u00e1s acciones son para mejorar el ordenamiento y la seguridad en Tulim\u00e1n, Quetzalapan y Las Brizas.<\/p>\n<p>Como parte de estos trabajos interinstitucionales, se llevaron a cabo recorridos y acciones de ordenamiento donde se delimitaron espacios peatonales y arroyos vehiculares, se coloc\u00f3 se\u00f1alizaci\u00f3n de sentidos de circulaci\u00f3n, se establecieron zonas de estacionamiento, se liberaron espacios de ambulantaje, se marcaron cruces peatonales y se instalaron reductores de velocidad.<\/p>\n<p>Adem\u00e1s, se dialog\u00f3 con algunos comercios que se encontraban invadiendo la v\u00eda p\u00fablica, con el objetivo de recuperar espacios para el peat\u00f3n y lograr que esta zona tur\u00edstica, sea m\u00e1s ordenada, segura y confortable para visitantes y familias de Zacatl\u00e1n.<\/p>\n<p>Cabe destacar que estas acciones tambi\u00e9n han sido posibles gracias a la participaci\u00f3n y disposici\u00f3n de los comerciantes de la zona, quienes han colaborado en la liberaci\u00f3n de espacios y en las acciones de ordenamiento, contribuyendo a mejorar la imagen y funcionamiento de estas \u00e1reas tur\u00edsticas.<\/p>\n<p>En estas acciones participaron de manera coordinada las direcciones de Desarrollo Urbano, Normatividad, Seguridad Ciudadana, Tr\u00e1nsito Municipal, Protecci\u00f3n Civil y Bomberos y Polic\u00eda Tur\u00edstica, trabajando en conjunto por un Zacatl\u00e1n m\u00e1s ordenado y con mejor imagen urbana.<\/p>\n<p>El Ayuntamiento de Zacatl\u00e1n refrenda su compromiso de seguir mejorando los espacios tur\u00edsticos del municipio, para que tanto visitantes como ciudadanos disfruten de lugares seguros, limpios y bien organizados.<\/p>\n<p><img loading=\"lazy\" decoding=\"async\" class=\"alignnone size-large wp-image-3922\" src=\"https:\/\/zacatlan.gob.mx\/boletines\/wp-content\/uploads\/2026\/03\/WhatsApp-Image-2026-03-29-at-18.42.38-1-1024x682.jpeg\" alt=\"\" width=\"1024\" height=\"682\" srcset=\"https:\/\/zacatlan.gob.mx\/boletines\/wp-content\/uploads\/2026\/03\/WhatsApp-Image-2026-03-29-at-18.42.38-1-1024x682.jpeg 1024w, https:\/\/zacatlan.gob.mx\/boletines\/wp-content\/uploads\/2026\/03\/WhatsApp-Image-2026-03-29-at-18.42.38-1-300x200.jpeg 300w, https:\/\/zacatlan.gob.mx\/boletines\/wp-content\/uploads\/2026\/03\/WhatsApp-Image-2026-03-29-at-18.42.38-1-768x512.jpeg 768w, https:\/\/zacatlan.gob.mx\/boletines\/wp-content\/uploads\/2026\/03\/WhatsApp-Image-2026-03-29-at-18.42.38-1-585x390.jpeg 585w, https:\/\/zacatlan.gob.mx\/boletines\/wp-content\/uploads\/2026\/03\/WhatsApp-Image-2026-03-29-at-18.42.38-1.jpeg 1280w\" sizes=\"auto, (max-width: 1024px) 100vw, 1024px\" \/> <img loading=\"lazy\" decoding=\"async\" class=\"alignnone size-large wp-image-3924\" src=\"https:\/\/zacatlan.gob.mx\/boletines\/wp-content\/uploads\/2026\/03\/WhatsApp-Image-2026-03-29-at-18.42.39-1024x682.jpeg\" alt=\"\" width=\"1024\" height=\"682\" srcset=\"https:\/\/zacatlan.gob.mx\/boletines\/wp-content\/uploads\/2026\/03\/WhatsApp-Image-2026-03-29-at-18.42.39-1024x682.jpeg 1024w, https:\/\/zacatlan.gob.mx\/boletines\/wp-content\/uploads\/2026\/03\/WhatsApp-Image-2026-03-29-at-18.42.39-300x200.jpeg 300w, https:\/\/zacatlan.gob.mx\/boletines\/wp-content\/uploads\/2026\/03\/WhatsApp-Image-2026-03-29-at-18.42.39-768x512.jpeg 768w, https:\/\/zacatlan.gob.mx\/boletines\/wp-content\/uploads\/2026\/03\/WhatsApp-Image-2026-03-29-at-18.42.39-585x390.jpeg 585w, https:\/\/zacatlan.gob.mx\/boletines\/wp-content\/uploads\/2026\/03\/WhatsApp-Image-2026-03-29-at-18.42.39.jpeg 1280w\" sizes=\"auto, (max-width: 1024px) 100vw, 1024px\" \/> <img loading=\"lazy\" decoding=\"async\" class=\"alignnone size-large wp-image-3925\" src=\"https:\/\/zacatlan.gob.mx\/boletines\/wp-content\/uploads\/2026\/03\/WhatsApp-Image-2026-03-29-at-18.42.37-1-1024x682.jpeg\" alt=\"\" width=\"1024\" height=\"682\" srcset=\"https:\/\/zacatlan.gob.mx\/boletines\/wp-content\/uploads\/2026\/03\/WhatsApp-Image-2026-03-29-at-18.42.37-1-1024x682.jpeg 1024w, https:\/\/zacatlan.gob.mx\/boletines\/wp-content\/uploads\/2026\/03\/WhatsApp-Image-2026-03-29-at-18.42.37-1-300x200.jpeg 300w, https:\/\/zacatlan.gob.mx\/boletines\/wp-content\/uploads\/2026\/03\/WhatsApp-Image-2026-03-29-at-18.42.37-1-768x512.jpeg 768w, https:\/\/zacatlan.gob.mx\/boletines\/wp-content\/uploads\/2026\/03\/WhatsApp-Image-2026-03-29-at-18.42.37-1-585x390.jpeg 585w, https:\/\/zacatlan.gob.mx\/boletines\/wp-content\/uploads\/2026\/03\/WhatsApp-Image-2026-03-29-at-18.42.37-1.jpeg 1280w\" sizes=\"auto, (max-width: 1024px) 100vw, 1024px\" \/> <img loading=\"lazy\" decoding=\"async\" class=\"alignnone size-large wp-image-3926\" src=\"https:\/\/zacatlan.gob.mx\/boletines\/wp-content\/uploads\/2026\/03\/WhatsApp-Image-2026-03-29-at-18.42.37-1024x682.jpeg\" alt=\"\" width=\"1024\" height=\"682\" srcset=\"https:\/\/zacatlan.gob.mx\/boletines\/wp-content\/uploads\/2026\/03\/WhatsApp-Image-2026-03-29-at-18.42.37-1024x682.jpeg 1024w, https:\/\/zacatlan.gob.mx\/boletines\/wp-content\/uploads\/2026\/03\/WhatsApp-Image-2026-03-29-at-18.42.37-300x200.jpeg 300w, https:\/\/zacatlan.gob.mx\/boletines\/wp-content\/uploads\/2026\/03\/WhatsApp-Image-2026-03-29-at-18.42.37-768x512.jpeg 768w, https:\/\/zacatlan.gob.mx\/boletines\/wp-content\/uploads\/2026\/03\/WhatsApp-Image-2026-03-29-at-18.42.37-585x390.jpeg 585w, https:\/\/zacatlan.gob.mx\/boletines\/wp-content\/uploads\/2026\/03\/WhatsApp-Image-2026-03-29-at-18.42.37.jpeg 1280w\" sizes=\"auto, (max-width: 1024px) 100vw, 1024px\" \/><\/p>\n","protected":false},"excerpt":{"rendered":"<p>A trav\u00e9s del trabajo coordinado entre diversas \u00e1reas del Ayuntamiento de Zacatl\u00e1n, se inici\u00f3 con la primera etapa del reordenamiento de la zona comercial de los ecoparques tur\u00edsticos. Est\u00e1s acciones son para mejorar el ordenamiento y la seguridad en Tulim\u00e1n, Quetzalapan y Las Brizas. Como&#8230;<\/p>\n","protected":false},"author":2,"featured_media":3923,"comment_status":"open","ping_status":"open","sticky":false,"template":"","format":"standard","meta":{"footnotes":""},"categories":[4],"tags":[603],"class_list":["post-3921","post","type-post","status-publish","format-standard","has-post-thumbnail","hentry","category-boletines","tag-ecoparques-turisticos"],"_links":{"self":[{"href":"https:\/\/zacatlan.gob.mx\/boletines\/wp-json\/wp\/v2\/posts\/3921","targetHints":{"allow":["GET"]}}],"collection":[{"href":"https:\/\/zacatlan.gob.mx\/boletines\/wp-json\/wp\/v2\/posts"}],"about":[{"href":"https:\/\/zacatlan.gob.mx\/boletines\/wp-json\/wp\/v2\/types\/post"}],"author":[{"embeddable":true,"href":"https:\/\/zacatlan.gob.mx\/boletines\/wp-json\/wp\/v2\/users\/2"}],"replies":[{"embeddable":true,"href":"https:\/\/zacatlan.gob.mx\/boletines\/wp-json\/wp\/v2\/comments?post=3921"}],"version-history":[{"count":1,"href":"https:\/\/zacatlan.gob.mx\/boletines\/wp-json\/wp\/v2\/posts\/3921\/revisions"}],"predecessor-version":[{"id":3927,"href":"https:\/\/zacatlan.gob.mx\/boletines\/wp-json\/wp\/v2\/posts\/3921\/revisions\/3927"}],"wp:featuredmedia":[{"embeddable":true,"href":"https:\/\/zacatlan.gob.mx\/boletines\/wp-json\/wp\/v2\/media\/3923"}],"wp:attachment":[{"href":"https:\/\/zacatlan.gob.mx\/boletines\/wp-json\/wp\/v2\/media?parent=3921"}],"wp:term":[{"taxonomy":"category","embeddable":true,"href":"https:\/\/zacatlan.gob.mx\/boletines\/wp-json\/wp\/v2\/categories?post=3921"},{"taxonomy":"post_tag","embeddable":true,"href":"https:\/\/zacatlan.gob.mx\/boletines\/wp-json\/wp\/v2\/tags?post=3921"}],"curies":[{"name":"wp","href":"https:\/\/api.w.org\/{rel}","templated":true}]}}