{"id":3850,"date":"2026-03-23T23:00:53","date_gmt":"2026-03-24T05:00:53","guid":{"rendered":"https:\/\/zacatlan.gob.mx\/boletines\/?p=3850"},"modified":"2026-03-24T11:00:43","modified_gmt":"2026-03-24T17:00:43","slug":"estudiantes-del-bachillerato-vespertino-baudelio-serafin-sosa-comprometidos-con-el-medio-ambiente-reciben-platica-del-gobierno-de-zacatlan","status":"publish","type":"post","link":"https:\/\/zacatlan.gob.mx\/boletines\/2026\/03\/23\/estudiantes-del-bachillerato-vespertino-baudelio-serafin-sosa-comprometidos-con-el-medio-ambiente-reciben-platica-del-gobierno-de-zacatlan\/","title":{"rendered":"Estudiantes del Bachillerato Vespertino Baudelio Seraf\u00edn Sosa comprometidos con el medio ambiente; reciben pl\u00e1tica del Gobierno de Zacatl\u00e1n"},"content":{"rendered":"<p>El Gobierno Municipal de Zacatl\u00e1n, a trav\u00e9s de la Direcci\u00f3n de Medio Ambiente, y gracias a la invitaci\u00f3n del Bachillerato Turno Vespertino Baudelio Seraf\u00edn Sosa, llev\u00f3 a cabo una pl\u00e1tica dirigida a alumnas y alumnos sobre las principales problem\u00e1ticas ambientales que enfrenta nuestro municipio.<\/p>\n<p>Durante la sesi\u00f3n, se abordaron temas como la huella ambiental, el impacto de las acciones humanas en nuestro entorno, as\u00ed como las l\u00edneas de acci\u00f3n y estrategias implementadas por el Gobierno Municipal para atender estos retos.<\/p>\n<p>Asimismo, se invit\u00f3 a las y los estudiantes a sumarse activamente con iniciativas y acciones responsables que contribuyan al cuidado y preservaci\u00f3n del medio ambiente.<\/p>\n<p>Reiteramos nuestro compromiso de seguir impulsando la educaci\u00f3n ambiental como una herramienta fundamental para generar conciencia y construir una comunidad m\u00e1s responsable y sostenible.<\/p>\n<p>Cuidar nuestro entorno es tarea de todas y todos.<\/p>\n<p><img loading=\"lazy\" decoding=\"async\" class=\"alignnone size-full wp-image-3851\" src=\"https:\/\/zacatlan.gob.mx\/boletines\/wp-content\/uploads\/2026\/03\/WhatsApp-Image-2026-03-23-at-22.05.00.jpeg\" alt=\"\" width=\"992\" height=\"537\" srcset=\"https:\/\/zacatlan.gob.mx\/boletines\/wp-content\/uploads\/2026\/03\/WhatsApp-Image-2026-03-23-at-22.05.00.jpeg 992w, https:\/\/zacatlan.gob.mx\/boletines\/wp-content\/uploads\/2026\/03\/WhatsApp-Image-2026-03-23-at-22.05.00-300x162.jpeg 300w, https:\/\/zacatlan.gob.mx\/boletines\/wp-content\/uploads\/2026\/03\/WhatsApp-Image-2026-03-23-at-22.05.00-768x416.jpeg 768w, https:\/\/zacatlan.gob.mx\/boletines\/wp-content\/uploads\/2026\/03\/WhatsApp-Image-2026-03-23-at-22.05.00-585x317.jpeg 585w\" sizes=\"auto, (max-width: 992px) 100vw, 992px\" \/> <img loading=\"lazy\" decoding=\"async\" class=\"alignnone size-large wp-image-3853\" src=\"https:\/\/zacatlan.gob.mx\/boletines\/wp-content\/uploads\/2026\/03\/WhatsApp-Image-2026-03-23-at-22.05.00b.jpeg\" alt=\"\" width=\"992\" height=\"537\" srcset=\"https:\/\/zacatlan.gob.mx\/boletines\/wp-content\/uploads\/2026\/03\/WhatsApp-Image-2026-03-23-at-22.05.00b.jpeg 992w, https:\/\/zacatlan.gob.mx\/boletines\/wp-content\/uploads\/2026\/03\/WhatsApp-Image-2026-03-23-at-22.05.00b-300x162.jpeg 300w, https:\/\/zacatlan.gob.mx\/boletines\/wp-content\/uploads\/2026\/03\/WhatsApp-Image-2026-03-23-at-22.05.00b-768x416.jpeg 768w, https:\/\/zacatlan.gob.mx\/boletines\/wp-content\/uploads\/2026\/03\/WhatsApp-Image-2026-03-23-at-22.05.00b-585x317.jpeg 585w\" sizes=\"auto, (max-width: 992px) 100vw, 992px\" \/><\/p>\n","protected":false},"excerpt":{"rendered":"<p>El Gobierno Municipal de Zacatl\u00e1n, a trav\u00e9s de la Direcci\u00f3n de Medio Ambiente, y gracias a la invitaci\u00f3n del Bachillerato Turno Vespertino Baudelio Seraf\u00edn Sosa, llev\u00f3 a cabo una pl\u00e1tica dirigida a alumnas y alumnos sobre las principales problem\u00e1ticas ambientales que enfrenta nuestro municipio. Durante&#8230;<\/p>\n","protected":false},"author":2,"featured_media":3852,"comment_status":"open","ping_status":"open","sticky":false,"template":"","format":"standard","meta":{"footnotes":""},"categories":[4],"tags":[125],"class_list":["post-3850","post","type-post","status-publish","format-standard","has-post-thumbnail","hentry","category-boletines","tag-medio-ambiente"],"_links":{"self":[{"href":"https:\/\/zacatlan.gob.mx\/boletines\/wp-json\/wp\/v2\/posts\/3850","targetHints":{"allow":["GET"]}}],"collection":[{"href":"https:\/\/zacatlan.gob.mx\/boletines\/wp-json\/wp\/v2\/posts"}],"about":[{"href":"https:\/\/zacatlan.gob.mx\/boletines\/wp-json\/wp\/v2\/types\/post"}],"author":[{"embeddable":true,"href":"https:\/\/zacatlan.gob.mx\/boletines\/wp-json\/wp\/v2\/users\/2"}],"replies":[{"embeddable":true,"href":"https:\/\/zacatlan.gob.mx\/boletines\/wp-json\/wp\/v2\/comments?post=3850"}],"version-history":[{"count":1,"href":"https:\/\/zacatlan.gob.mx\/boletines\/wp-json\/wp\/v2\/posts\/3850\/revisions"}],"predecessor-version":[{"id":3854,"href":"https:\/\/zacatlan.gob.mx\/boletines\/wp-json\/wp\/v2\/posts\/3850\/revisions\/3854"}],"wp:featuredmedia":[{"embeddable":true,"href":"https:\/\/zacatlan.gob.mx\/boletines\/wp-json\/wp\/v2\/media\/3852"}],"wp:attachment":[{"href":"https:\/\/zacatlan.gob.mx\/boletines\/wp-json\/wp\/v2\/media?parent=3850"}],"wp:term":[{"taxonomy":"category","embeddable":true,"href":"https:\/\/zacatlan.gob.mx\/boletines\/wp-json\/wp\/v2\/categories?post=3850"},{"taxonomy":"post_tag","embeddable":true,"href":"https:\/\/zacatlan.gob.mx\/boletines\/wp-json\/wp\/v2\/tags?post=3850"}],"curies":[{"name":"wp","href":"https:\/\/api.w.org\/{rel}","templated":true}]}}