{"id":3739,"date":"2026-03-07T20:47:06","date_gmt":"2026-03-08T02:47:06","guid":{"rendered":"https:\/\/zacatlan.gob.mx\/boletines\/?p=3739"},"modified":"2026-03-09T10:49:55","modified_gmt":"2026-03-09T16:49:55","slug":"tienes-que-leerlo-presentan-el-libro-grandes-musicos-de-zacatlan-de-los-siglos-xix-y-xx","status":"publish","type":"post","link":"https:\/\/zacatlan.gob.mx\/boletines\/2026\/03\/07\/tienes-que-leerlo-presentan-el-libro-grandes-musicos-de-zacatlan-de-los-siglos-xix-y-xx\/","title":{"rendered":"\u00a1Tienes que leerlo! Presentan el libro \u201cGrandes M\u00fasicos de Zacatl\u00e1n de los Siglos XIX y XX"},"content":{"rendered":"<p>En el Sal\u00f3n de los Candiles del Palacio Municipal de Zacatl\u00e1n, el profesor Nemesio Barrag\u00e1n Sol\u00eds, quien es coordinador de Cultura y Educaci\u00f3n del Municipio, present\u00f3 su segunda obra literaria bajo el t\u00edtulo de \u201cGrandes M\u00fasicos de Zacatl\u00e1n de los Siglos XIX y XX\u201d, una serie de biograf\u00edas de quienes pusieron en alto el nombre del municipio a trav\u00e9s de la m\u00fasica cl\u00e1sica.<\/p>\n<p>En esta tarde especial, Nemesio Barrag\u00e1n estuvo acompa\u00f1ado de la presidenta municipal, Bety S\u00e1nchez; del cronista Felipe Guzm\u00e1n Hern\u00e1ndez; su familia; los familiares de estos grandes m\u00fasicos y de sus amigos, quienes escucharon el contenido de las p\u00e1ginas del libro y las razones que motivaron al escritor para realizarlo.<\/p>\n<p>De entrada, destac\u00f3 c\u00f3mo fue recopilando la biograf\u00eda de cada uno de estos m\u00fasicos. Dijo que gracias a amigos y a la labor de investigaci\u00f3n, fue que encontr\u00f3 su trayectoria e historia. Incluso, mencion\u00f3 que uno de los que m\u00e1s trabajo le cost\u00f3 hallar, fue Rosendo Oropeza y es que, tras la crisis econ\u00f3mica de 1929 en Estados Unidos, se vio obligado a tocar Jazz, m\u00fasica que en aquel tiempo estaba mal vista y supo de \u00e9l, gracias a que uno de sus nietos public\u00f3 la historia en un blog de internet.<\/p>\n<p>Durante la tarde de presentaci\u00f3n, Nemesio Barrag\u00e1n fue dando peque\u00f1as introducciones a la vida de cada uno de estos m\u00fasicos, invitando a las y los asistentes a saber m\u00e1s acerca de sus vidas a trav\u00e9s del libro.<\/p>\n<p>Por su parte, la presidenta municipal, Bety S\u00e1nchez destac\u00f3 la trayectoria del coordinador de Cultura y Educaci\u00f3n como un promotor de la historia y la cultura del municipio. Adem\u00e1s, se\u00f1al\u00f3 que es labor de todos preservar y continuar con el legado de estos artistas que pusieron en alto el nombre de Zacatl\u00e1n.<\/p>\n<p>Los artistas de los que habla este libro son:<\/p>\n<p>Agust\u00edn Oropeza Aldana<br \/>\nBenjam\u00edn Santos Quiroz Caballero<br \/>\nEverardo D\u00edaz y Soto<br \/>\nAurelio Barrios y Morales<br \/>\nDomingo D\u00edaz y Soto<br \/>\nRosendo Oropeza Barrera<br \/>\nAgust\u00edn Oropeza Barrera<br \/>\nGuillermo Orta Vel\u00e1zquez<br \/>\nRoberto T\u00e9llez Oropeza<br \/>\nRodolfo T\u00e9llez Oropeza<br \/>\nJuan Manuel T\u00e9llez Oropeza<br \/>\nOscar Guillermo Flores y M\u00e9ndez<\/p>\n<p><img loading=\"lazy\" decoding=\"async\" class=\"alignnone size-large wp-image-3741\" src=\"https:\/\/zacatlan.gob.mx\/boletines\/wp-content\/uploads\/2026\/03\/WhatsApp-Image-2026-03-07-at-08.13.26-1024x682.jpeg\" alt=\"\" width=\"1024\" height=\"682\" srcset=\"https:\/\/zacatlan.gob.mx\/boletines\/wp-content\/uploads\/2026\/03\/WhatsApp-Image-2026-03-07-at-08.13.26-1024x682.jpeg 1024w, https:\/\/zacatlan.gob.mx\/boletines\/wp-content\/uploads\/2026\/03\/WhatsApp-Image-2026-03-07-at-08.13.26-300x200.jpeg 300w, https:\/\/zacatlan.gob.mx\/boletines\/wp-content\/uploads\/2026\/03\/WhatsApp-Image-2026-03-07-at-08.13.26-768x512.jpeg 768w, https:\/\/zacatlan.gob.mx\/boletines\/wp-content\/uploads\/2026\/03\/WhatsApp-Image-2026-03-07-at-08.13.26-1536x1023.jpeg 1536w, https:\/\/zacatlan.gob.mx\/boletines\/wp-content\/uploads\/2026\/03\/WhatsApp-Image-2026-03-07-at-08.13.26-585x390.jpeg 585w, https:\/\/zacatlan.gob.mx\/boletines\/wp-content\/uploads\/2026\/03\/WhatsApp-Image-2026-03-07-at-08.13.26.jpeg 1600w\" sizes=\"auto, (max-width: 1024px) 100vw, 1024px\" \/> <img loading=\"lazy\" decoding=\"async\" class=\"alignnone size-large wp-image-3742\" src=\"https:\/\/zacatlan.gob.mx\/boletines\/wp-content\/uploads\/2026\/03\/WhatsApp-Image-2026-03-07-at-08.13.27-1-1024x682.jpeg\" alt=\"\" width=\"1024\" height=\"682\" srcset=\"https:\/\/zacatlan.gob.mx\/boletines\/wp-content\/uploads\/2026\/03\/WhatsApp-Image-2026-03-07-at-08.13.27-1-1024x682.jpeg 1024w, https:\/\/zacatlan.gob.mx\/boletines\/wp-content\/uploads\/2026\/03\/WhatsApp-Image-2026-03-07-at-08.13.27-1-300x200.jpeg 300w, https:\/\/zacatlan.gob.mx\/boletines\/wp-content\/uploads\/2026\/03\/WhatsApp-Image-2026-03-07-at-08.13.27-1-768x512.jpeg 768w, https:\/\/zacatlan.gob.mx\/boletines\/wp-content\/uploads\/2026\/03\/WhatsApp-Image-2026-03-07-at-08.13.27-1-1536x1023.jpeg 1536w, https:\/\/zacatlan.gob.mx\/boletines\/wp-content\/uploads\/2026\/03\/WhatsApp-Image-2026-03-07-at-08.13.27-1-585x390.jpeg 585w, https:\/\/zacatlan.gob.mx\/boletines\/wp-content\/uploads\/2026\/03\/WhatsApp-Image-2026-03-07-at-08.13.27-1.jpeg 1600w\" sizes=\"auto, (max-width: 1024px) 100vw, 1024px\" \/> <img loading=\"lazy\" decoding=\"async\" class=\"alignnone size-large wp-image-3743\" src=\"https:\/\/zacatlan.gob.mx\/boletines\/wp-content\/uploads\/2026\/03\/WhatsApp-Image-2026-03-07-at-08.13.27-1024x682.jpeg\" alt=\"\" width=\"1024\" height=\"682\" srcset=\"https:\/\/zacatlan.gob.mx\/boletines\/wp-content\/uploads\/2026\/03\/WhatsApp-Image-2026-03-07-at-08.13.27-1024x682.jpeg 1024w, https:\/\/zacatlan.gob.mx\/boletines\/wp-content\/uploads\/2026\/03\/WhatsApp-Image-2026-03-07-at-08.13.27-300x200.jpeg 300w, https:\/\/zacatlan.gob.mx\/boletines\/wp-content\/uploads\/2026\/03\/WhatsApp-Image-2026-03-07-at-08.13.27-768x512.jpeg 768w, https:\/\/zacatlan.gob.mx\/boletines\/wp-content\/uploads\/2026\/03\/WhatsApp-Image-2026-03-07-at-08.13.27-1536x1023.jpeg 1536w, https:\/\/zacatlan.gob.mx\/boletines\/wp-content\/uploads\/2026\/03\/WhatsApp-Image-2026-03-07-at-08.13.27-585x390.jpeg 585w, https:\/\/zacatlan.gob.mx\/boletines\/wp-content\/uploads\/2026\/03\/WhatsApp-Image-2026-03-07-at-08.13.27.jpeg 1600w\" sizes=\"auto, (max-width: 1024px) 100vw, 1024px\" \/> <img loading=\"lazy\" decoding=\"async\" class=\"alignnone size-large wp-image-3744\" src=\"https:\/\/zacatlan.gob.mx\/boletines\/wp-content\/uploads\/2026\/03\/WhatsApp-Image-2026-03-07-at-08.13.28-1-1024x682.jpeg\" alt=\"\" width=\"1024\" height=\"682\" srcset=\"https:\/\/zacatlan.gob.mx\/boletines\/wp-content\/uploads\/2026\/03\/WhatsApp-Image-2026-03-07-at-08.13.28-1-1024x682.jpeg 1024w, https:\/\/zacatlan.gob.mx\/boletines\/wp-content\/uploads\/2026\/03\/WhatsApp-Image-2026-03-07-at-08.13.28-1-300x200.jpeg 300w, https:\/\/zacatlan.gob.mx\/boletines\/wp-content\/uploads\/2026\/03\/WhatsApp-Image-2026-03-07-at-08.13.28-1-768x512.jpeg 768w, https:\/\/zacatlan.gob.mx\/boletines\/wp-content\/uploads\/2026\/03\/WhatsApp-Image-2026-03-07-at-08.13.28-1-1536x1023.jpeg 1536w, https:\/\/zacatlan.gob.mx\/boletines\/wp-content\/uploads\/2026\/03\/WhatsApp-Image-2026-03-07-at-08.13.28-1-585x390.jpeg 585w, https:\/\/zacatlan.gob.mx\/boletines\/wp-content\/uploads\/2026\/03\/WhatsApp-Image-2026-03-07-at-08.13.28-1.jpeg 1600w\" sizes=\"auto, (max-width: 1024px) 100vw, 1024px\" \/> <img loading=\"lazy\" decoding=\"async\" class=\"alignnone size-large wp-image-3745\" src=\"https:\/\/zacatlan.gob.mx\/boletines\/wp-content\/uploads\/2026\/03\/WhatsApp-Image-2026-03-07-at-08.13.28-1024x682.jpeg\" alt=\"\" width=\"1024\" height=\"682\" srcset=\"https:\/\/zacatlan.gob.mx\/boletines\/wp-content\/uploads\/2026\/03\/WhatsApp-Image-2026-03-07-at-08.13.28-1024x682.jpeg 1024w, https:\/\/zacatlan.gob.mx\/boletines\/wp-content\/uploads\/2026\/03\/WhatsApp-Image-2026-03-07-at-08.13.28-300x200.jpeg 300w, https:\/\/zacatlan.gob.mx\/boletines\/wp-content\/uploads\/2026\/03\/WhatsApp-Image-2026-03-07-at-08.13.28-768x512.jpeg 768w, https:\/\/zacatlan.gob.mx\/boletines\/wp-content\/uploads\/2026\/03\/WhatsApp-Image-2026-03-07-at-08.13.28-1536x1023.jpeg 1536w, https:\/\/zacatlan.gob.mx\/boletines\/wp-content\/uploads\/2026\/03\/WhatsApp-Image-2026-03-07-at-08.13.28-585x390.jpeg 585w, https:\/\/zacatlan.gob.mx\/boletines\/wp-content\/uploads\/2026\/03\/WhatsApp-Image-2026-03-07-at-08.13.28.jpeg 1600w\" sizes=\"auto, (max-width: 1024px) 100vw, 1024px\" \/><\/p>\n","protected":false},"excerpt":{"rendered":"<p>En el Sal\u00f3n de los Candiles del Palacio Municipal de Zacatl\u00e1n, el profesor Nemesio Barrag\u00e1n Sol\u00eds, quien es coordinador de Cultura y Educaci\u00f3n del Municipio, present\u00f3 su segunda obra literaria bajo el t\u00edtulo de \u201cGrandes M\u00fasicos de Zacatl\u00e1n de los Siglos XIX y XX\u201d, una&#8230;<\/p>\n","protected":false},"author":2,"featured_media":3740,"comment_status":"open","ping_status":"open","sticky":false,"template":"","format":"standard","meta":{"footnotes":""},"categories":[4],"tags":[570],"class_list":["post-3739","post","type-post","status-publish","format-standard","has-post-thumbnail","hentry","category-boletines","tag-libro"],"_links":{"self":[{"href":"https:\/\/zacatlan.gob.mx\/boletines\/wp-json\/wp\/v2\/posts\/3739","targetHints":{"allow":["GET"]}}],"collection":[{"href":"https:\/\/zacatlan.gob.mx\/boletines\/wp-json\/wp\/v2\/posts"}],"about":[{"href":"https:\/\/zacatlan.gob.mx\/boletines\/wp-json\/wp\/v2\/types\/post"}],"author":[{"embeddable":true,"href":"https:\/\/zacatlan.gob.mx\/boletines\/wp-json\/wp\/v2\/users\/2"}],"replies":[{"embeddable":true,"href":"https:\/\/zacatlan.gob.mx\/boletines\/wp-json\/wp\/v2\/comments?post=3739"}],"version-history":[{"count":1,"href":"https:\/\/zacatlan.gob.mx\/boletines\/wp-json\/wp\/v2\/posts\/3739\/revisions"}],"predecessor-version":[{"id":3746,"href":"https:\/\/zacatlan.gob.mx\/boletines\/wp-json\/wp\/v2\/posts\/3739\/revisions\/3746"}],"wp:featuredmedia":[{"embeddable":true,"href":"https:\/\/zacatlan.gob.mx\/boletines\/wp-json\/wp\/v2\/media\/3740"}],"wp:attachment":[{"href":"https:\/\/zacatlan.gob.mx\/boletines\/wp-json\/wp\/v2\/media?parent=3739"}],"wp:term":[{"taxonomy":"category","embeddable":true,"href":"https:\/\/zacatlan.gob.mx\/boletines\/wp-json\/wp\/v2\/categories?post=3739"},{"taxonomy":"post_tag","embeddable":true,"href":"https:\/\/zacatlan.gob.mx\/boletines\/wp-json\/wp\/v2\/tags?post=3739"}],"curies":[{"name":"wp","href":"https:\/\/api.w.org\/{rel}","templated":true}]}}