{"id":3607,"date":"2026-02-18T18:55:39","date_gmt":"2026-02-19T00:55:39","guid":{"rendered":"https:\/\/zacatlan.gob.mx\/boletines\/?p=3607"},"modified":"2026-02-19T13:18:14","modified_gmt":"2026-02-19T19:18:14","slug":"congreso-del-estado-enaltece-el-pan-de-zacatlan-relleno-de-queso-como-patrimonio-cultural-intangible-de-puebla","status":"publish","type":"post","link":"https:\/\/zacatlan.gob.mx\/boletines\/2026\/02\/18\/congreso-del-estado-enaltece-el-pan-de-zacatlan-relleno-de-queso-como-patrimonio-cultural-intangible-de-puebla\/","title":{"rendered":"Congreso del Estado enaltece el Pan de Zacatl\u00e1n relleno de Queso como Patrimonio Cultural Intangible de Puebla"},"content":{"rendered":"<p>A dos d\u00edas de que el Gobernador Alejandro Armenta Mier, develara junto a la presidenta municipal, Bety S\u00e1nchez, la placa conmemorativa a la declaratoria del Pan de Zacatl\u00e1n como Patrimonio Cultural Intangible de Puebla, el Congreso del Estado tambi\u00e9n reconoci\u00f3 el legado y la trascendencia de este elemento de la gastronom\u00eda poblana.<\/p>\n<p>En rueda de prensa en el Poder Legislativo, el presidenta del Congreso, Pavel Gaspar Ram\u00edrez dijo que el Gobierno del Estado y el Gobierno Municipal, hicieron un merecido reconocimiento a la y los panaderos, pues el pan de Zacatl\u00e1n ha traspasado fronteras.<\/p>\n<p>Por su parte, la presidenta de la Comisi\u00f3n de Turismo del Congreso del Estado, Ang\u00e9lica Alvarado Ju\u00e1rez dijo que este reconocimiento impulsar\u00e1 m\u00e1s el turismo comunitario, se\u00f1al\u00f3 que es importante impulsar la identidad de los pueblos, porque ayuda a proteger ese legado.<\/p>\n<p>En tanto, la alcaldesa de Zacatl\u00e1n, Bety S\u00e1nchez destac\u00f3 el trabajo y la investigaci\u00f3n que se realiz\u00f3, para lograr este decreto. Reconoci\u00f3 a las y los panaderos por preservar este legado cultural que ha pasado de generaci\u00f3n en generaci\u00f3n, e invit\u00f3 a los poblanos a participar en la fiesta \u00bfPan con qu\u00e9? el pr\u00f3ximo viernes 20 de febrero, a las 7 de la tarde en el z\u00f3calo.<\/p>\n<p>Finalmente, el profesor Lorenzo D\u00edaz Cort\u00e9s, representante portador de la Manifestaci\u00f3n Cultural de la Manifestaci\u00f3n Cultural del Pan con Queso de Zacatl\u00e1n, asegur\u00f3 que esta declaratoria es la denominaci\u00f3n de origen del pan con queso, para que as\u00ed sea reconocido a nivel nacional, impidiendo que otras expresiones quieran adjudicarse la elaboraci\u00f3n.<\/p>\n<p>En el evento, tambi\u00e9n estuvo presente el diputado Jos\u00e9 Luis Figueroa, la diputada Araceli Celestino, Marisol Amieva y Fedrha Suriano.<\/p>\n<p><img loading=\"lazy\" decoding=\"async\" class=\"alignnone size-large wp-image-3608\" src=\"https:\/\/zacatlan.gob.mx\/boletines\/wp-content\/uploads\/2026\/02\/WhatsApp-Image-2026-02-18-at-16.55.15-1-1024x682.jpeg\" alt=\"\" width=\"1024\" height=\"682\" srcset=\"https:\/\/zacatlan.gob.mx\/boletines\/wp-content\/uploads\/2026\/02\/WhatsApp-Image-2026-02-18-at-16.55.15-1-1024x682.jpeg 1024w, https:\/\/zacatlan.gob.mx\/boletines\/wp-content\/uploads\/2026\/02\/WhatsApp-Image-2026-02-18-at-16.55.15-1-300x200.jpeg 300w, https:\/\/zacatlan.gob.mx\/boletines\/wp-content\/uploads\/2026\/02\/WhatsApp-Image-2026-02-18-at-16.55.15-1-768x512.jpeg 768w, https:\/\/zacatlan.gob.mx\/boletines\/wp-content\/uploads\/2026\/02\/WhatsApp-Image-2026-02-18-at-16.55.15-1-1536x1023.jpeg 1536w, https:\/\/zacatlan.gob.mx\/boletines\/wp-content\/uploads\/2026\/02\/WhatsApp-Image-2026-02-18-at-16.55.15-1-585x390.jpeg 585w, https:\/\/zacatlan.gob.mx\/boletines\/wp-content\/uploads\/2026\/02\/WhatsApp-Image-2026-02-18-at-16.55.15-1.jpeg 1600w\" sizes=\"auto, (max-width: 1024px) 100vw, 1024px\" \/> <img loading=\"lazy\" decoding=\"async\" class=\"alignnone size-large wp-image-3609\" src=\"https:\/\/zacatlan.gob.mx\/boletines\/wp-content\/uploads\/2026\/02\/WhatsApp-Image-2026-02-18-at-16.55.15-2-1024x682.jpeg\" alt=\"\" width=\"1024\" height=\"682\" srcset=\"https:\/\/zacatlan.gob.mx\/boletines\/wp-content\/uploads\/2026\/02\/WhatsApp-Image-2026-02-18-at-16.55.15-2-1024x682.jpeg 1024w, https:\/\/zacatlan.gob.mx\/boletines\/wp-content\/uploads\/2026\/02\/WhatsApp-Image-2026-02-18-at-16.55.15-2-300x200.jpeg 300w, https:\/\/zacatlan.gob.mx\/boletines\/wp-content\/uploads\/2026\/02\/WhatsApp-Image-2026-02-18-at-16.55.15-2-768x512.jpeg 768w, https:\/\/zacatlan.gob.mx\/boletines\/wp-content\/uploads\/2026\/02\/WhatsApp-Image-2026-02-18-at-16.55.15-2-1536x1023.jpeg 1536w, https:\/\/zacatlan.gob.mx\/boletines\/wp-content\/uploads\/2026\/02\/WhatsApp-Image-2026-02-18-at-16.55.15-2-585x390.jpeg 585w, https:\/\/zacatlan.gob.mx\/boletines\/wp-content\/uploads\/2026\/02\/WhatsApp-Image-2026-02-18-at-16.55.15-2.jpeg 1600w\" sizes=\"auto, (max-width: 1024px) 100vw, 1024px\" \/> <img loading=\"lazy\" decoding=\"async\" class=\"alignnone size-large wp-image-3610\" src=\"https:\/\/zacatlan.gob.mx\/boletines\/wp-content\/uploads\/2026\/02\/WhatsApp-Image-2026-02-18-at-16.55.15-1024x682.jpeg\" alt=\"\" width=\"1024\" height=\"682\" srcset=\"https:\/\/zacatlan.gob.mx\/boletines\/wp-content\/uploads\/2026\/02\/WhatsApp-Image-2026-02-18-at-16.55.15-1024x682.jpeg 1024w, https:\/\/zacatlan.gob.mx\/boletines\/wp-content\/uploads\/2026\/02\/WhatsApp-Image-2026-02-18-at-16.55.15-300x200.jpeg 300w, https:\/\/zacatlan.gob.mx\/boletines\/wp-content\/uploads\/2026\/02\/WhatsApp-Image-2026-02-18-at-16.55.15-768x512.jpeg 768w, https:\/\/zacatlan.gob.mx\/boletines\/wp-content\/uploads\/2026\/02\/WhatsApp-Image-2026-02-18-at-16.55.15-1536x1023.jpeg 1536w, https:\/\/zacatlan.gob.mx\/boletines\/wp-content\/uploads\/2026\/02\/WhatsApp-Image-2026-02-18-at-16.55.15-585x390.jpeg 585w, https:\/\/zacatlan.gob.mx\/boletines\/wp-content\/uploads\/2026\/02\/WhatsApp-Image-2026-02-18-at-16.55.15.jpeg 1600w\" sizes=\"auto, (max-width: 1024px) 100vw, 1024px\" \/> <img loading=\"lazy\" decoding=\"async\" class=\"alignnone size-large wp-image-3611\" src=\"https:\/\/zacatlan.gob.mx\/boletines\/wp-content\/uploads\/2026\/02\/WhatsApp-Image-2026-02-18-at-16.55.16-1-1024x682.jpeg\" alt=\"\" width=\"1024\" height=\"682\" srcset=\"https:\/\/zacatlan.gob.mx\/boletines\/wp-content\/uploads\/2026\/02\/WhatsApp-Image-2026-02-18-at-16.55.16-1-1024x682.jpeg 1024w, https:\/\/zacatlan.gob.mx\/boletines\/wp-content\/uploads\/2026\/02\/WhatsApp-Image-2026-02-18-at-16.55.16-1-300x200.jpeg 300w, https:\/\/zacatlan.gob.mx\/boletines\/wp-content\/uploads\/2026\/02\/WhatsApp-Image-2026-02-18-at-16.55.16-1-768x512.jpeg 768w, https:\/\/zacatlan.gob.mx\/boletines\/wp-content\/uploads\/2026\/02\/WhatsApp-Image-2026-02-18-at-16.55.16-1-1536x1023.jpeg 1536w, https:\/\/zacatlan.gob.mx\/boletines\/wp-content\/uploads\/2026\/02\/WhatsApp-Image-2026-02-18-at-16.55.16-1-585x390.jpeg 585w, https:\/\/zacatlan.gob.mx\/boletines\/wp-content\/uploads\/2026\/02\/WhatsApp-Image-2026-02-18-at-16.55.16-1.jpeg 1600w\" sizes=\"auto, (max-width: 1024px) 100vw, 1024px\" \/> <img loading=\"lazy\" decoding=\"async\" class=\"alignnone size-large wp-image-3613\" src=\"https:\/\/zacatlan.gob.mx\/boletines\/wp-content\/uploads\/2026\/02\/WhatsApp-Image-2026-02-18-at-16.55.17-1-1024x682.jpeg\" alt=\"\" width=\"1024\" height=\"682\" srcset=\"https:\/\/zacatlan.gob.mx\/boletines\/wp-content\/uploads\/2026\/02\/WhatsApp-Image-2026-02-18-at-16.55.17-1-1024x682.jpeg 1024w, https:\/\/zacatlan.gob.mx\/boletines\/wp-content\/uploads\/2026\/02\/WhatsApp-Image-2026-02-18-at-16.55.17-1-300x200.jpeg 300w, https:\/\/zacatlan.gob.mx\/boletines\/wp-content\/uploads\/2026\/02\/WhatsApp-Image-2026-02-18-at-16.55.17-1-768x512.jpeg 768w, https:\/\/zacatlan.gob.mx\/boletines\/wp-content\/uploads\/2026\/02\/WhatsApp-Image-2026-02-18-at-16.55.17-1-1536x1023.jpeg 1536w, https:\/\/zacatlan.gob.mx\/boletines\/wp-content\/uploads\/2026\/02\/WhatsApp-Image-2026-02-18-at-16.55.17-1-585x390.jpeg 585w, https:\/\/zacatlan.gob.mx\/boletines\/wp-content\/uploads\/2026\/02\/WhatsApp-Image-2026-02-18-at-16.55.17-1.jpeg 1600w\" sizes=\"auto, (max-width: 1024px) 100vw, 1024px\" \/> <img loading=\"lazy\" decoding=\"async\" class=\"alignnone size-large wp-image-3614\" src=\"https:\/\/zacatlan.gob.mx\/boletines\/wp-content\/uploads\/2026\/02\/WhatsApp-Image-2026-02-18-at-16.55.17-1024x682.jpeg\" alt=\"\" width=\"1024\" height=\"682\" srcset=\"https:\/\/zacatlan.gob.mx\/boletines\/wp-content\/uploads\/2026\/02\/WhatsApp-Image-2026-02-18-at-16.55.17-1024x682.jpeg 1024w, https:\/\/zacatlan.gob.mx\/boletines\/wp-content\/uploads\/2026\/02\/WhatsApp-Image-2026-02-18-at-16.55.17-300x200.jpeg 300w, https:\/\/zacatlan.gob.mx\/boletines\/wp-content\/uploads\/2026\/02\/WhatsApp-Image-2026-02-18-at-16.55.17-768x512.jpeg 768w, https:\/\/zacatlan.gob.mx\/boletines\/wp-content\/uploads\/2026\/02\/WhatsApp-Image-2026-02-18-at-16.55.17-1536x1023.jpeg 1536w, https:\/\/zacatlan.gob.mx\/boletines\/wp-content\/uploads\/2026\/02\/WhatsApp-Image-2026-02-18-at-16.55.17-585x390.jpeg 585w, https:\/\/zacatlan.gob.mx\/boletines\/wp-content\/uploads\/2026\/02\/WhatsApp-Image-2026-02-18-at-16.55.17.jpeg 1600w\" sizes=\"auto, (max-width: 1024px) 100vw, 1024px\" \/><\/p>\n","protected":false},"excerpt":{"rendered":"<p>A dos d\u00edas de que el Gobernador Alejandro Armenta Mier, develara junto a la presidenta municipal, Bety S\u00e1nchez, la placa conmemorativa a la declaratoria del Pan de Zacatl\u00e1n como Patrimonio Cultural Intangible de Puebla, el Congreso del Estado tambi\u00e9n reconoci\u00f3 el legado y la trascendencia&#8230;<\/p>\n","protected":false},"author":2,"featured_media":3612,"comment_status":"open","ping_status":"open","sticky":false,"template":"","format":"standard","meta":{"footnotes":""},"categories":[4],"tags":[539,474,551],"class_list":["post-3607","post","type-post","status-publish","format-standard","has-post-thumbnail","hentry","category-boletines","tag-congreso-del-estado","tag-pan-de-zacatlan","tag-patrimonio-cultural"],"_links":{"self":[{"href":"https:\/\/zacatlan.gob.mx\/boletines\/wp-json\/wp\/v2\/posts\/3607","targetHints":{"allow":["GET"]}}],"collection":[{"href":"https:\/\/zacatlan.gob.mx\/boletines\/wp-json\/wp\/v2\/posts"}],"about":[{"href":"https:\/\/zacatlan.gob.mx\/boletines\/wp-json\/wp\/v2\/types\/post"}],"author":[{"embeddable":true,"href":"https:\/\/zacatlan.gob.mx\/boletines\/wp-json\/wp\/v2\/users\/2"}],"replies":[{"embeddable":true,"href":"https:\/\/zacatlan.gob.mx\/boletines\/wp-json\/wp\/v2\/comments?post=3607"}],"version-history":[{"count":1,"href":"https:\/\/zacatlan.gob.mx\/boletines\/wp-json\/wp\/v2\/posts\/3607\/revisions"}],"predecessor-version":[{"id":3615,"href":"https:\/\/zacatlan.gob.mx\/boletines\/wp-json\/wp\/v2\/posts\/3607\/revisions\/3615"}],"wp:featuredmedia":[{"embeddable":true,"href":"https:\/\/zacatlan.gob.mx\/boletines\/wp-json\/wp\/v2\/media\/3612"}],"wp:attachment":[{"href":"https:\/\/zacatlan.gob.mx\/boletines\/wp-json\/wp\/v2\/media?parent=3607"}],"wp:term":[{"taxonomy":"category","embeddable":true,"href":"https:\/\/zacatlan.gob.mx\/boletines\/wp-json\/wp\/v2\/categories?post=3607"},{"taxonomy":"post_tag","embeddable":true,"href":"https:\/\/zacatlan.gob.mx\/boletines\/wp-json\/wp\/v2\/tags?post=3607"}],"curies":[{"name":"wp","href":"https:\/\/api.w.org\/{rel}","templated":true}]}}