{"id":3453,"date":"2026-01-28T15:50:24","date_gmt":"2026-01-28T21:50:24","guid":{"rendered":"https:\/\/zacatlan.gob.mx\/boletines\/?p=3453"},"modified":"2026-01-28T15:50:24","modified_gmt":"2026-01-28T21:50:24","slug":"zacatlan-capacita-a-jueces-de-paz-para-fortalecer-la-justicia-comunitaria","status":"publish","type":"post","link":"https:\/\/zacatlan.gob.mx\/boletines\/2026\/01\/28\/zacatlan-capacita-a-jueces-de-paz-para-fortalecer-la-justicia-comunitaria\/","title":{"rendered":"Zacatl\u00e1n capacita a Jueces de Paz para fortalecer la justicia comunitaria"},"content":{"rendered":"<p>El Ayuntamiento de Zacatl\u00e1n realiz\u00f3 una capacitaci\u00f3n a Jueces de Paz de distintas comunidades del municipio, con el objetivo de fortalecer la justicia de proximidad y la atenci\u00f3n pac\u00edfica de conflictos comunitarios mediante el di\u00e1logo y la conciliaci\u00f3n.<\/p>\n<p>Durante la capacitaci\u00f3n se abordaron las funciones, alcances y l\u00edmites de esta figura, conforme a la Ley Org\u00e1nica del Poder Judicial del Estado de Puebla, privilegiando el respeto a los derechos humanos y la prevenci\u00f3n de conflictos.<\/p>\n<p><img loading=\"lazy\" decoding=\"async\" class=\"alignnone size-large wp-image-3454\" src=\"https:\/\/zacatlan.gob.mx\/boletines\/wp-content\/uploads\/2026\/01\/WhatsApp-Image-2026-01-28-at-15.14.11-1024x768.jpeg\" alt=\"\" width=\"1024\" height=\"768\" srcset=\"https:\/\/zacatlan.gob.mx\/boletines\/wp-content\/uploads\/2026\/01\/WhatsApp-Image-2026-01-28-at-15.14.11-1024x768.jpeg 1024w, https:\/\/zacatlan.gob.mx\/boletines\/wp-content\/uploads\/2026\/01\/WhatsApp-Image-2026-01-28-at-15.14.11-300x225.jpeg 300w, https:\/\/zacatlan.gob.mx\/boletines\/wp-content\/uploads\/2026\/01\/WhatsApp-Image-2026-01-28-at-15.14.11-768x576.jpeg 768w, https:\/\/zacatlan.gob.mx\/boletines\/wp-content\/uploads\/2026\/01\/WhatsApp-Image-2026-01-28-at-15.14.11-585x439.jpeg 585w, https:\/\/zacatlan.gob.mx\/boletines\/wp-content\/uploads\/2026\/01\/WhatsApp-Image-2026-01-28-at-15.14.11.jpeg 1533w\" sizes=\"auto, (max-width: 1024px) 100vw, 1024px\" \/> <img loading=\"lazy\" decoding=\"async\" class=\"alignnone size-large wp-image-3455\" src=\"https:\/\/zacatlan.gob.mx\/boletines\/wp-content\/uploads\/2026\/01\/WhatsApp-Image-2026-01-28-at-15.14.10-1-1024x576.jpeg\" alt=\"\" width=\"1024\" height=\"576\" srcset=\"https:\/\/zacatlan.gob.mx\/boletines\/wp-content\/uploads\/2026\/01\/WhatsApp-Image-2026-01-28-at-15.14.10-1-1024x576.jpeg 1024w, https:\/\/zacatlan.gob.mx\/boletines\/wp-content\/uploads\/2026\/01\/WhatsApp-Image-2026-01-28-at-15.14.10-1-300x169.jpeg 300w, https:\/\/zacatlan.gob.mx\/boletines\/wp-content\/uploads\/2026\/01\/WhatsApp-Image-2026-01-28-at-15.14.10-1-768x432.jpeg 768w, https:\/\/zacatlan.gob.mx\/boletines\/wp-content\/uploads\/2026\/01\/WhatsApp-Image-2026-01-28-at-15.14.10-1-1200x675.jpeg 1200w, https:\/\/zacatlan.gob.mx\/boletines\/wp-content\/uploads\/2026\/01\/WhatsApp-Image-2026-01-28-at-15.14.10-1-585x329.jpeg 585w, https:\/\/zacatlan.gob.mx\/boletines\/wp-content\/uploads\/2026\/01\/WhatsApp-Image-2026-01-28-at-15.14.10-1.jpeg 1422w\" sizes=\"auto, (max-width: 1024px) 100vw, 1024px\" \/><\/p>\n<p>Con estas acciones, el Ayuntamiento de Zacatl\u00e1n refrenda su compromiso con una justicia cercana, legal y comunitaria, que contribuya a la paz social y a la cohesi\u00f3n en las comunidades.<\/p>\n<p>Esta capacitaci\u00f3n fue organizada por el s\u00edndico, Juan Carlos Lastiri Yamal y el director de Gobernaci\u00f3n, Baruc Guti\u00e9rrez Garc\u00eda.<\/p>\n","protected":false},"excerpt":{"rendered":"<p>El Ayuntamiento de Zacatl\u00e1n realiz\u00f3 una capacitaci\u00f3n a Jueces de Paz de distintas comunidades del municipio, con el objetivo de fortalecer la justicia de proximidad y la atenci\u00f3n pac\u00edfica de conflictos comunitarios mediante el di\u00e1logo y la conciliaci\u00f3n. Durante la capacitaci\u00f3n se abordaron las funciones,&#8230;<\/p>\n","protected":false},"author":2,"featured_media":3456,"comment_status":"open","ping_status":"open","sticky":false,"template":"","format":"standard","meta":{"footnotes":""},"categories":[4],"tags":[523,432],"class_list":["post-3453","post","type-post","status-publish","format-standard","has-post-thumbnail","hentry","category-boletines","tag-jueces-de-paz","tag-justicia"],"_links":{"self":[{"href":"https:\/\/zacatlan.gob.mx\/boletines\/wp-json\/wp\/v2\/posts\/3453","targetHints":{"allow":["GET"]}}],"collection":[{"href":"https:\/\/zacatlan.gob.mx\/boletines\/wp-json\/wp\/v2\/posts"}],"about":[{"href":"https:\/\/zacatlan.gob.mx\/boletines\/wp-json\/wp\/v2\/types\/post"}],"author":[{"embeddable":true,"href":"https:\/\/zacatlan.gob.mx\/boletines\/wp-json\/wp\/v2\/users\/2"}],"replies":[{"embeddable":true,"href":"https:\/\/zacatlan.gob.mx\/boletines\/wp-json\/wp\/v2\/comments?post=3453"}],"version-history":[{"count":1,"href":"https:\/\/zacatlan.gob.mx\/boletines\/wp-json\/wp\/v2\/posts\/3453\/revisions"}],"predecessor-version":[{"id":3457,"href":"https:\/\/zacatlan.gob.mx\/boletines\/wp-json\/wp\/v2\/posts\/3453\/revisions\/3457"}],"wp:featuredmedia":[{"embeddable":true,"href":"https:\/\/zacatlan.gob.mx\/boletines\/wp-json\/wp\/v2\/media\/3456"}],"wp:attachment":[{"href":"https:\/\/zacatlan.gob.mx\/boletines\/wp-json\/wp\/v2\/media?parent=3453"}],"wp:term":[{"taxonomy":"category","embeddable":true,"href":"https:\/\/zacatlan.gob.mx\/boletines\/wp-json\/wp\/v2\/categories?post=3453"},{"taxonomy":"post_tag","embeddable":true,"href":"https:\/\/zacatlan.gob.mx\/boletines\/wp-json\/wp\/v2\/tags?post=3453"}],"curies":[{"name":"wp","href":"https:\/\/api.w.org\/{rel}","templated":true}]}}