{"id":3012,"date":"2025-11-10T15:04:39","date_gmt":"2025-11-10T21:04:39","guid":{"rendered":"https:\/\/zacatlan.gob.mx\/boletines\/?p=3012"},"modified":"2025-11-10T16:00:41","modified_gmt":"2025-11-10T22:00:41","slug":"calle-la-canada-transformara-la-vida-de-vecinas-y-vecinos-de-maquixtla","status":"publish","type":"post","link":"https:\/\/zacatlan.gob.mx\/boletines\/2025\/11\/10\/calle-la-canada-transformara-la-vida-de-vecinas-y-vecinos-de-maquixtla\/","title":{"rendered":"Calle \u201cLa Ca\u00f1ada\u201d transformar\u00e1 la vida de vecinas y vecinos de Maquixtla"},"content":{"rendered":"<p>Despu\u00e9s de a\u00f1os de solicitar la obra, las y los vecinos de Maquixtla agradecieron a la presidenta municipal de Zacatl\u00e1n, Bety S\u00e1nchez por la construcci\u00f3n de la calle \u201cLa Ca\u00f1ada\u201d, la cual brindar\u00e1 seguridad, bienestar y tranquilidad a la gente.<\/p>\n<p>Las y los vecinos dijeron que ten\u00edan a\u00f1os pidiendo la pavimentaci\u00f3n de esta calle, pues estaba solitaria y era imposible caminar por ella, debido a que era un terreno bastante accidentado, pero ahora ha cambiado considerablemente.<\/p>\n<p>Cabe mencionar, que desde su campa\u00f1a, Bety S\u00e1nchez se comprometi\u00f3 a transformar este espacio. Hizo dos recorridos para verificar las condiciones en las que se encontraba, adem\u00e1s de escuchar las necesidades de la gente.<\/p>\n<p>Por esa raz\u00f3n, este d\u00eda acudi\u00f3 a la inauguraci\u00f3n de la calle que incluye alumbrado p\u00fablico, banquetas, guarniciones, un muro de contenci\u00f3n y escalones.<\/p>\n<p>En su mensaje, Bety S\u00e1nchez se\u00f1al\u00f3 que esta calle transformar\u00e1 la vida de las personas que viven en la zona, brindando bienestar y una mejor calidad\u00a0de\u00a0vida.<\/p>\n<p><img loading=\"lazy\" decoding=\"async\" class=\"alignnone size-large wp-image-3013\" src=\"https:\/\/zacatlan.gob.mx\/boletines\/wp-content\/uploads\/2025\/11\/IMG-20251110-WA0496-1024x683.jpg\" alt=\"\" width=\"1024\" height=\"683\" srcset=\"https:\/\/zacatlan.gob.mx\/boletines\/wp-content\/uploads\/2025\/11\/IMG-20251110-WA0496-1024x683.jpg 1024w, https:\/\/zacatlan.gob.mx\/boletines\/wp-content\/uploads\/2025\/11\/IMG-20251110-WA0496-300x200.jpg 300w, https:\/\/zacatlan.gob.mx\/boletines\/wp-content\/uploads\/2025\/11\/IMG-20251110-WA0496-768x512.jpg 768w, https:\/\/zacatlan.gob.mx\/boletines\/wp-content\/uploads\/2025\/11\/IMG-20251110-WA0496-585x390.jpg 585w, https:\/\/zacatlan.gob.mx\/boletines\/wp-content\/uploads\/2025\/11\/IMG-20251110-WA0496.jpg 1280w\" sizes=\"auto, (max-width: 1024px) 100vw, 1024px\" \/> <img loading=\"lazy\" decoding=\"async\" class=\"alignnone size-large wp-image-3014\" src=\"https:\/\/zacatlan.gob.mx\/boletines\/wp-content\/uploads\/2025\/11\/IMG-20251110-WA0495-1024x683.jpg\" alt=\"\" width=\"1024\" height=\"683\" srcset=\"https:\/\/zacatlan.gob.mx\/boletines\/wp-content\/uploads\/2025\/11\/IMG-20251110-WA0495-1024x683.jpg 1024w, https:\/\/zacatlan.gob.mx\/boletines\/wp-content\/uploads\/2025\/11\/IMG-20251110-WA0495-300x200.jpg 300w, https:\/\/zacatlan.gob.mx\/boletines\/wp-content\/uploads\/2025\/11\/IMG-20251110-WA0495-768x512.jpg 768w, https:\/\/zacatlan.gob.mx\/boletines\/wp-content\/uploads\/2025\/11\/IMG-20251110-WA0495-585x390.jpg 585w, https:\/\/zacatlan.gob.mx\/boletines\/wp-content\/uploads\/2025\/11\/IMG-20251110-WA0495.jpg 1280w\" sizes=\"auto, (max-width: 1024px) 100vw, 1024px\" \/> <img loading=\"lazy\" decoding=\"async\" class=\"alignnone size-large wp-image-3015\" src=\"https:\/\/zacatlan.gob.mx\/boletines\/wp-content\/uploads\/2025\/11\/IMG-20251110-WA0493-1024x683.jpg\" alt=\"\" width=\"1024\" height=\"683\" srcset=\"https:\/\/zacatlan.gob.mx\/boletines\/wp-content\/uploads\/2025\/11\/IMG-20251110-WA0493-1024x683.jpg 1024w, https:\/\/zacatlan.gob.mx\/boletines\/wp-content\/uploads\/2025\/11\/IMG-20251110-WA0493-300x200.jpg 300w, https:\/\/zacatlan.gob.mx\/boletines\/wp-content\/uploads\/2025\/11\/IMG-20251110-WA0493-768x512.jpg 768w, https:\/\/zacatlan.gob.mx\/boletines\/wp-content\/uploads\/2025\/11\/IMG-20251110-WA0493-585x390.jpg 585w, https:\/\/zacatlan.gob.mx\/boletines\/wp-content\/uploads\/2025\/11\/IMG-20251110-WA0493.jpg 1280w\" sizes=\"auto, (max-width: 1024px) 100vw, 1024px\" \/><\/p>\n","protected":false},"excerpt":{"rendered":"<p>Despu\u00e9s de a\u00f1os de solicitar la obra, las y los vecinos de Maquixtla agradecieron a la presidenta municipal de Zacatl\u00e1n, Bety S\u00e1nchez por la construcci\u00f3n de la calle \u201cLa Ca\u00f1ada\u201d, la cual brindar\u00e1 seguridad, bienestar y tranquilidad a la gente. Las y los vecinos dijeron&#8230;<\/p>\n","protected":false},"author":2,"featured_media":3016,"comment_status":"open","ping_status":"open","sticky":false,"template":"","format":"standard","meta":{"footnotes":""},"categories":[4],"tags":[470,471],"class_list":["post-3012","post","type-post","status-publish","format-standard","has-post-thumbnail","hentry","category-boletines","tag-la-canada","tag-maquixtla"],"_links":{"self":[{"href":"https:\/\/zacatlan.gob.mx\/boletines\/wp-json\/wp\/v2\/posts\/3012","targetHints":{"allow":["GET"]}}],"collection":[{"href":"https:\/\/zacatlan.gob.mx\/boletines\/wp-json\/wp\/v2\/posts"}],"about":[{"href":"https:\/\/zacatlan.gob.mx\/boletines\/wp-json\/wp\/v2\/types\/post"}],"author":[{"embeddable":true,"href":"https:\/\/zacatlan.gob.mx\/boletines\/wp-json\/wp\/v2\/users\/2"}],"replies":[{"embeddable":true,"href":"https:\/\/zacatlan.gob.mx\/boletines\/wp-json\/wp\/v2\/comments?post=3012"}],"version-history":[{"count":4,"href":"https:\/\/zacatlan.gob.mx\/boletines\/wp-json\/wp\/v2\/posts\/3012\/revisions"}],"predecessor-version":[{"id":3027,"href":"https:\/\/zacatlan.gob.mx\/boletines\/wp-json\/wp\/v2\/posts\/3012\/revisions\/3027"}],"wp:featuredmedia":[{"embeddable":true,"href":"https:\/\/zacatlan.gob.mx\/boletines\/wp-json\/wp\/v2\/media\/3016"}],"wp:attachment":[{"href":"https:\/\/zacatlan.gob.mx\/boletines\/wp-json\/wp\/v2\/media?parent=3012"}],"wp:term":[{"taxonomy":"category","embeddable":true,"href":"https:\/\/zacatlan.gob.mx\/boletines\/wp-json\/wp\/v2\/categories?post=3012"},{"taxonomy":"post_tag","embeddable":true,"href":"https:\/\/zacatlan.gob.mx\/boletines\/wp-json\/wp\/v2\/tags?post=3012"}],"curies":[{"name":"wp","href":"https:\/\/api.w.org\/{rel}","templated":true}]}}