{"id":2996,"date":"2025-11-08T13:50:36","date_gmt":"2025-11-08T19:50:36","guid":{"rendered":"https:\/\/zacatlan.gob.mx\/boletines\/?p=2996"},"modified":"2025-11-10T13:53:30","modified_gmt":"2025-11-10T19:53:30","slug":"autoridades-municipales-e-investigadores-de-la-ibero-inauguran-el-muro-historias-y-miradas-de-las-y-los-jovenes-de-zacatlan","status":"publish","type":"post","link":"https:\/\/zacatlan.gob.mx\/boletines\/2025\/11\/08\/autoridades-municipales-e-investigadores-de-la-ibero-inauguran-el-muro-historias-y-miradas-de-las-y-los-jovenes-de-zacatlan\/","title":{"rendered":"Autoridades municipales e investigadores de la Ibero inauguran el muro \u201cHistorias y miradas de las y los j\u00f3venes de Zacatl\u00e1n\u201d"},"content":{"rendered":"<p>Con la inauguraci\u00f3n del muro \u201cHistorias y miradas de las y los j\u00f3venes de Zacatl\u00e1n\u201d, la Universidad Iberoamericana Puebla y el gobierno de Bety S\u00e1nchez, concluyeron el diagn\u00f3stico sobre salud socioemocional del municipio.<\/p>\n<p>La \u00faltima etapa de esta investigaci\u00f3n, la cual contribuir\u00e1 al Centro de Salud y Bienestar Emocional de Zacatl\u00e1n, incluy\u00f3 un ejercicio de fotovoz con adolescentes.<\/p>\n<p>El muro que se inaugur\u00f3 en el portal Hidalgo, en los bajos del Palacio Municipal es la exposici\u00f3n de esas fotograf\u00edas que las y los j\u00f3venes tomaron, para expresar su realidad, emociones y sentimientos.<\/p>\n<p>En su mensaje, Bety S\u00e1nchez mencion\u00f3 que este centro ser\u00e1 un espacio seguro donde la poblaci\u00f3n de Zacatl\u00e1n podr\u00e1 expresarse, apoyarse e involucrarse en actividades comunitarias.<\/p>\n<p>Invit\u00f3 a padres de familiar a acercarse a sus hijas e hijos para escucharlos y apoyarlos, para estar al tanto de lo que est\u00e1n viviendo.<\/p>\n<p>Por su parte, Erika Escalante, coordinadora de la Maestr\u00eda de Desarrollo Humano y quien dirigi\u00f3 la ceremonia investigaci\u00f3n para el diagn\u00f3stico del Centro de Salud y Bienestar Emocional, refiri\u00f3 que las fotograf\u00edas de los j\u00f3venes demuestran que la gente tiene mucho qu\u00e9 decir y expresar, por lo que invit\u00f3 a la poblaci\u00f3n a buscar estos espacios y entornos saludables.<\/p>\n<p>En este evento estuvieron presentes alumnos de la BUAP; del Centro Escolar Presidente Juan N. M\u00e9ndez; del bachillerato Baudelio Seraf\u00edn Sosa turno vespertino; padres de familia; el regidor de Educaci\u00f3n, Isaac Armas; la coordinadora de Prevenci\u00f3n y Promoci\u00f3n de Salud del municipio, Jaqueline Lastiri.<\/p>\n<p>As\u00ed como la directora del bachillerato Baudelio Seraf\u00edn Sosa turno vespertino, Martha Cabrera; adem\u00e1s de 16 investigadores del Instituto Nacional de Salud P\u00fablica, de la Ibero Puebla, y del Centro Comunitario de Salud Mental y Adicciones\u00a0(CECOSAMA).<\/p>\n<p><img loading=\"lazy\" decoding=\"async\" class=\"alignnone size-large wp-image-2997\" src=\"https:\/\/zacatlan.gob.mx\/boletines\/wp-content\/uploads\/2025\/11\/IMG-20251110-WA0051-1024x682.jpg\" alt=\"\" width=\"1024\" height=\"682\" srcset=\"https:\/\/zacatlan.gob.mx\/boletines\/wp-content\/uploads\/2025\/11\/IMG-20251110-WA0051-1024x682.jpg 1024w, https:\/\/zacatlan.gob.mx\/boletines\/wp-content\/uploads\/2025\/11\/IMG-20251110-WA0051-300x200.jpg 300w, https:\/\/zacatlan.gob.mx\/boletines\/wp-content\/uploads\/2025\/11\/IMG-20251110-WA0051-768x512.jpg 768w, https:\/\/zacatlan.gob.mx\/boletines\/wp-content\/uploads\/2025\/11\/IMG-20251110-WA0051-1536x1023.jpg 1536w, https:\/\/zacatlan.gob.mx\/boletines\/wp-content\/uploads\/2025\/11\/IMG-20251110-WA0051-585x390.jpg 585w, https:\/\/zacatlan.gob.mx\/boletines\/wp-content\/uploads\/2025\/11\/IMG-20251110-WA0051.jpg 1600w\" sizes=\"auto, (max-width: 1024px) 100vw, 1024px\" \/> <img loading=\"lazy\" decoding=\"async\" class=\"alignnone size-large wp-image-3002\" src=\"https:\/\/zacatlan.gob.mx\/boletines\/wp-content\/uploads\/2025\/11\/IMG-20251110-WA0050-1024x682.jpg\" alt=\"\" width=\"1024\" height=\"682\" srcset=\"https:\/\/zacatlan.gob.mx\/boletines\/wp-content\/uploads\/2025\/11\/IMG-20251110-WA0050-1024x682.jpg 1024w, https:\/\/zacatlan.gob.mx\/boletines\/wp-content\/uploads\/2025\/11\/IMG-20251110-WA0050-300x200.jpg 300w, https:\/\/zacatlan.gob.mx\/boletines\/wp-content\/uploads\/2025\/11\/IMG-20251110-WA0050-768x512.jpg 768w, https:\/\/zacatlan.gob.mx\/boletines\/wp-content\/uploads\/2025\/11\/IMG-20251110-WA0050-1536x1023.jpg 1536w, https:\/\/zacatlan.gob.mx\/boletines\/wp-content\/uploads\/2025\/11\/IMG-20251110-WA0050-585x390.jpg 585w, https:\/\/zacatlan.gob.mx\/boletines\/wp-content\/uploads\/2025\/11\/IMG-20251110-WA0050.jpg 1600w\" sizes=\"auto, (max-width: 1024px) 100vw, 1024px\" \/> <img loading=\"lazy\" decoding=\"async\" class=\"alignnone size-large wp-image-3001\" src=\"https:\/\/zacatlan.gob.mx\/boletines\/wp-content\/uploads\/2025\/11\/IMG-20251110-WA0052-1024x657.jpg\" alt=\"\" width=\"1024\" height=\"657\" srcset=\"https:\/\/zacatlan.gob.mx\/boletines\/wp-content\/uploads\/2025\/11\/IMG-20251110-WA0052-1024x657.jpg 1024w, https:\/\/zacatlan.gob.mx\/boletines\/wp-content\/uploads\/2025\/11\/IMG-20251110-WA0052-300x193.jpg 300w, https:\/\/zacatlan.gob.mx\/boletines\/wp-content\/uploads\/2025\/11\/IMG-20251110-WA0052-768x493.jpg 768w, https:\/\/zacatlan.gob.mx\/boletines\/wp-content\/uploads\/2025\/11\/IMG-20251110-WA0052-585x375.jpg 585w, https:\/\/zacatlan.gob.mx\/boletines\/wp-content\/uploads\/2025\/11\/IMG-20251110-WA0052.jpg 1477w\" sizes=\"auto, (max-width: 1024px) 100vw, 1024px\" \/> <img loading=\"lazy\" decoding=\"async\" class=\"alignnone size-large wp-image-3000\" src=\"https:\/\/zacatlan.gob.mx\/boletines\/wp-content\/uploads\/2025\/11\/IMG-20251110-WA0054-1024x682.jpg\" alt=\"\" width=\"1024\" height=\"682\" srcset=\"https:\/\/zacatlan.gob.mx\/boletines\/wp-content\/uploads\/2025\/11\/IMG-20251110-WA0054-1024x682.jpg 1024w, https:\/\/zacatlan.gob.mx\/boletines\/wp-content\/uploads\/2025\/11\/IMG-20251110-WA0054-300x200.jpg 300w, https:\/\/zacatlan.gob.mx\/boletines\/wp-content\/uploads\/2025\/11\/IMG-20251110-WA0054-768x512.jpg 768w, https:\/\/zacatlan.gob.mx\/boletines\/wp-content\/uploads\/2025\/11\/IMG-20251110-WA0054-1536x1023.jpg 1536w, https:\/\/zacatlan.gob.mx\/boletines\/wp-content\/uploads\/2025\/11\/IMG-20251110-WA0054-585x390.jpg 585w, https:\/\/zacatlan.gob.mx\/boletines\/wp-content\/uploads\/2025\/11\/IMG-20251110-WA0054.jpg 1600w\" sizes=\"auto, (max-width: 1024px) 100vw, 1024px\" \/> <img loading=\"lazy\" decoding=\"async\" class=\"alignnone size-large wp-image-2999\" src=\"https:\/\/zacatlan.gob.mx\/boletines\/wp-content\/uploads\/2025\/11\/IMG-20251110-WA0053-1024x682.jpg\" alt=\"\" width=\"1024\" height=\"682\" srcset=\"https:\/\/zacatlan.gob.mx\/boletines\/wp-content\/uploads\/2025\/11\/IMG-20251110-WA0053-1024x682.jpg 1024w, https:\/\/zacatlan.gob.mx\/boletines\/wp-content\/uploads\/2025\/11\/IMG-20251110-WA0053-300x200.jpg 300w, https:\/\/zacatlan.gob.mx\/boletines\/wp-content\/uploads\/2025\/11\/IMG-20251110-WA0053-768x512.jpg 768w, https:\/\/zacatlan.gob.mx\/boletines\/wp-content\/uploads\/2025\/11\/IMG-20251110-WA0053-1536x1023.jpg 1536w, https:\/\/zacatlan.gob.mx\/boletines\/wp-content\/uploads\/2025\/11\/IMG-20251110-WA0053-585x390.jpg 585w, https:\/\/zacatlan.gob.mx\/boletines\/wp-content\/uploads\/2025\/11\/IMG-20251110-WA0053.jpg 1600w\" sizes=\"auto, (max-width: 1024px) 100vw, 1024px\" \/><\/p>\n","protected":false},"excerpt":{"rendered":"<p>Con la inauguraci\u00f3n del muro \u201cHistorias y miradas de las y los j\u00f3venes de Zacatl\u00e1n\u201d, la Universidad Iberoamericana Puebla y el gobierno de Bety S\u00e1nchez, concluyeron el diagn\u00f3stico sobre salud socioemocional del municipio. La \u00faltima etapa de esta investigaci\u00f3n, la cual contribuir\u00e1 al Centro de&#8230;<\/p>\n","protected":false},"author":2,"featured_media":2998,"comment_status":"open","ping_status":"open","sticky":false,"template":"","format":"standard","meta":{"footnotes":""},"categories":[4],"tags":[239],"class_list":["post-2996","post","type-post","status-publish","format-standard","has-post-thumbnail","hentry","category-boletines","tag-jovenes-de-zacatlan"],"_links":{"self":[{"href":"https:\/\/zacatlan.gob.mx\/boletines\/wp-json\/wp\/v2\/posts\/2996","targetHints":{"allow":["GET"]}}],"collection":[{"href":"https:\/\/zacatlan.gob.mx\/boletines\/wp-json\/wp\/v2\/posts"}],"about":[{"href":"https:\/\/zacatlan.gob.mx\/boletines\/wp-json\/wp\/v2\/types\/post"}],"author":[{"embeddable":true,"href":"https:\/\/zacatlan.gob.mx\/boletines\/wp-json\/wp\/v2\/users\/2"}],"replies":[{"embeddable":true,"href":"https:\/\/zacatlan.gob.mx\/boletines\/wp-json\/wp\/v2\/comments?post=2996"}],"version-history":[{"count":1,"href":"https:\/\/zacatlan.gob.mx\/boletines\/wp-json\/wp\/v2\/posts\/2996\/revisions"}],"predecessor-version":[{"id":3003,"href":"https:\/\/zacatlan.gob.mx\/boletines\/wp-json\/wp\/v2\/posts\/2996\/revisions\/3003"}],"wp:featuredmedia":[{"embeddable":true,"href":"https:\/\/zacatlan.gob.mx\/boletines\/wp-json\/wp\/v2\/media\/2998"}],"wp:attachment":[{"href":"https:\/\/zacatlan.gob.mx\/boletines\/wp-json\/wp\/v2\/media?parent=2996"}],"wp:term":[{"taxonomy":"category","embeddable":true,"href":"https:\/\/zacatlan.gob.mx\/boletines\/wp-json\/wp\/v2\/categories?post=2996"},{"taxonomy":"post_tag","embeddable":true,"href":"https:\/\/zacatlan.gob.mx\/boletines\/wp-json\/wp\/v2\/tags?post=2996"}],"curies":[{"name":"wp","href":"https:\/\/api.w.org\/{rel}","templated":true}]}}