{"id":2898,"date":"2025-10-26T20:11:01","date_gmt":"2025-10-27T02:11:01","guid":{"rendered":"https:\/\/zacatlan.gob.mx\/boletines\/?p=2898"},"modified":"2025-10-27T14:12:17","modified_gmt":"2025-10-27T20:12:17","slug":"con-musica-brindis-ricos-aromas-y-sabores-inicia-la-15va-edicion-del-festival-de-pan-con-queso","status":"publish","type":"post","link":"https:\/\/zacatlan.gob.mx\/boletines\/2025\/10\/26\/con-musica-brindis-ricos-aromas-y-sabores-inicia-la-15va-edicion-del-festival-de-pan-con-queso\/","title":{"rendered":"Con m\u00fasica, brindis, ricos aromas y sabores, inicia la 15va edici\u00f3n del Festival de Pan con Queso"},"content":{"rendered":"<p>Con un z\u00f3calo lleno de visitantes, panaderos y gente de Zacatl\u00e1n, inici\u00f3 la edici\u00f3n n\u00famero 15 del Pan con Queso donde fue coronada Johari 1ra, la reina de los artesanos del pan.<\/p>\n<p>La presidenta municipal de Zacatl\u00e1n, Bety S\u00e1nchez mencion\u00f3 que el Festival de Pan con Queso es una tradici\u00f3n que identifica al pueblo zacateco, lo llena de sabor y de historia. Dijo que este pan ha dado fama y renombre a Zacatl\u00e1n en todo M\u00e9xico.<\/p>\n<p>\u201cPorque aqu\u00ed, en Zacatl\u00e1n, se hornea el verdadero sabor del pan con queso, ese aroma inconfundible que despierta recuerdos, que evoca el calor del hogar y que representa lo mejor de nuestra gente: el trabajo, la constancia y el amor por nuestras ra\u00edces\u201d.<\/p>\n<p>Por su parte, Miriam Ibarra, presidenta de la Asociaci\u00f3n de Panaderos dijo que este festival tiene 15 a\u00f1os realiz\u00e1ndose, reconociendo el esfuerzo que hacen todas y todos sus compa\u00f1eros para preservar esta tradici\u00f3n.<\/p>\n<p>En el evento, tambi\u00e9n fue coronada Johari 1ra, quien estuvo acompa\u00f1ada de Ximena 1ra y otras reinas del festival del Pan con Queso.<\/p>\n<p>Despu\u00e9s de la coronaci\u00f3n, las autoridades y la Asociaci\u00f3n de Panaderos, hicieron un brindis por los 15 a\u00f1os del festival, recorrieron los estands y bailaron al ritmo\u00a0del\u00a0grupo\u00a0Beat.<img loading=\"lazy\" decoding=\"async\" class=\"alignnone size-large wp-image-2900\" src=\"https:\/\/zacatlan.gob.mx\/boletines\/wp-content\/uploads\/2025\/10\/IMG-20251027-WA0144-1024x682.jpg\" alt=\"\" width=\"1024\" height=\"682\" srcset=\"https:\/\/zacatlan.gob.mx\/boletines\/wp-content\/uploads\/2025\/10\/IMG-20251027-WA0144-1024x682.jpg 1024w, https:\/\/zacatlan.gob.mx\/boletines\/wp-content\/uploads\/2025\/10\/IMG-20251027-WA0144-300x200.jpg 300w, https:\/\/zacatlan.gob.mx\/boletines\/wp-content\/uploads\/2025\/10\/IMG-20251027-WA0144-768x512.jpg 768w, https:\/\/zacatlan.gob.mx\/boletines\/wp-content\/uploads\/2025\/10\/IMG-20251027-WA0144-1536x1023.jpg 1536w, https:\/\/zacatlan.gob.mx\/boletines\/wp-content\/uploads\/2025\/10\/IMG-20251027-WA0144-585x390.jpg 585w, https:\/\/zacatlan.gob.mx\/boletines\/wp-content\/uploads\/2025\/10\/IMG-20251027-WA0144.jpg 1600w\" sizes=\"auto, (max-width: 1024px) 100vw, 1024px\" \/> <img loading=\"lazy\" decoding=\"async\" class=\"alignnone size-large wp-image-2901\" src=\"https:\/\/zacatlan.gob.mx\/boletines\/wp-content\/uploads\/2025\/10\/IMG-20251027-WA0140-1024x653.jpg\" alt=\"\" width=\"1024\" height=\"653\" srcset=\"https:\/\/zacatlan.gob.mx\/boletines\/wp-content\/uploads\/2025\/10\/IMG-20251027-WA0140-1024x653.jpg 1024w, https:\/\/zacatlan.gob.mx\/boletines\/wp-content\/uploads\/2025\/10\/IMG-20251027-WA0140-300x191.jpg 300w, https:\/\/zacatlan.gob.mx\/boletines\/wp-content\/uploads\/2025\/10\/IMG-20251027-WA0140-768x490.jpg 768w, https:\/\/zacatlan.gob.mx\/boletines\/wp-content\/uploads\/2025\/10\/IMG-20251027-WA0140-585x373.jpg 585w, https:\/\/zacatlan.gob.mx\/boletines\/wp-content\/uploads\/2025\/10\/IMG-20251027-WA0140.jpg 1394w\" sizes=\"auto, (max-width: 1024px) 100vw, 1024px\" \/> <img loading=\"lazy\" decoding=\"async\" class=\"alignnone size-large wp-image-2902\" src=\"https:\/\/zacatlan.gob.mx\/boletines\/wp-content\/uploads\/2025\/10\/IMG-20251027-WA0142-1024x682.jpg\" alt=\"\" width=\"1024\" height=\"682\" srcset=\"https:\/\/zacatlan.gob.mx\/boletines\/wp-content\/uploads\/2025\/10\/IMG-20251027-WA0142-1024x682.jpg 1024w, https:\/\/zacatlan.gob.mx\/boletines\/wp-content\/uploads\/2025\/10\/IMG-20251027-WA0142-300x200.jpg 300w, https:\/\/zacatlan.gob.mx\/boletines\/wp-content\/uploads\/2025\/10\/IMG-20251027-WA0142-768x512.jpg 768w, https:\/\/zacatlan.gob.mx\/boletines\/wp-content\/uploads\/2025\/10\/IMG-20251027-WA0142-1536x1023.jpg 1536w, https:\/\/zacatlan.gob.mx\/boletines\/wp-content\/uploads\/2025\/10\/IMG-20251027-WA0142-585x390.jpg 585w, https:\/\/zacatlan.gob.mx\/boletines\/wp-content\/uploads\/2025\/10\/IMG-20251027-WA0142.jpg 1600w\" sizes=\"auto, (max-width: 1024px) 100vw, 1024px\" \/><\/p>\n","protected":false},"excerpt":{"rendered":"<p>Con un z\u00f3calo lleno de visitantes, panaderos y gente de Zacatl\u00e1n, inici\u00f3 la edici\u00f3n n\u00famero 15 del Pan con Queso donde fue coronada Johari 1ra, la reina de los artesanos del pan. La presidenta municipal de Zacatl\u00e1n, Bety S\u00e1nchez mencion\u00f3 que el Festival de Pan&#8230;<\/p>\n","protected":false},"author":2,"featured_media":2899,"comment_status":"open","ping_status":"open","sticky":false,"template":"","format":"standard","meta":{"footnotes":""},"categories":[4],"tags":[457],"class_list":["post-2898","post","type-post","status-publish","format-standard","has-post-thumbnail","hentry","category-boletines","tag-festival-de-pan-con-queso"],"_links":{"self":[{"href":"https:\/\/zacatlan.gob.mx\/boletines\/wp-json\/wp\/v2\/posts\/2898","targetHints":{"allow":["GET"]}}],"collection":[{"href":"https:\/\/zacatlan.gob.mx\/boletines\/wp-json\/wp\/v2\/posts"}],"about":[{"href":"https:\/\/zacatlan.gob.mx\/boletines\/wp-json\/wp\/v2\/types\/post"}],"author":[{"embeddable":true,"href":"https:\/\/zacatlan.gob.mx\/boletines\/wp-json\/wp\/v2\/users\/2"}],"replies":[{"embeddable":true,"href":"https:\/\/zacatlan.gob.mx\/boletines\/wp-json\/wp\/v2\/comments?post=2898"}],"version-history":[{"count":1,"href":"https:\/\/zacatlan.gob.mx\/boletines\/wp-json\/wp\/v2\/posts\/2898\/revisions"}],"predecessor-version":[{"id":2903,"href":"https:\/\/zacatlan.gob.mx\/boletines\/wp-json\/wp\/v2\/posts\/2898\/revisions\/2903"}],"wp:featuredmedia":[{"embeddable":true,"href":"https:\/\/zacatlan.gob.mx\/boletines\/wp-json\/wp\/v2\/media\/2899"}],"wp:attachment":[{"href":"https:\/\/zacatlan.gob.mx\/boletines\/wp-json\/wp\/v2\/media?parent=2898"}],"wp:term":[{"taxonomy":"category","embeddable":true,"href":"https:\/\/zacatlan.gob.mx\/boletines\/wp-json\/wp\/v2\/categories?post=2898"},{"taxonomy":"post_tag","embeddable":true,"href":"https:\/\/zacatlan.gob.mx\/boletines\/wp-json\/wp\/v2\/tags?post=2898"}],"curies":[{"name":"wp","href":"https:\/\/api.w.org\/{rel}","templated":true}]}}