{"id":2875,"date":"2025-10-23T20:05:39","date_gmt":"2025-10-24T02:05:39","guid":{"rendered":"https:\/\/zacatlan.gob.mx\/boletines\/?p=2875"},"modified":"2025-10-27T14:07:01","modified_gmt":"2025-10-27T20:07:01","slug":"inicia-proceso-de-actualizacion-del-programa-municipal-de-desarrollo-urbano-en-zacatlan","status":"publish","type":"post","link":"https:\/\/zacatlan.gob.mx\/boletines\/2025\/10\/23\/inicia-proceso-de-actualizacion-del-programa-municipal-de-desarrollo-urbano-en-zacatlan\/","title":{"rendered":"Inicia proceso de actualizaci\u00f3n del Programa Municipal de Desarrollo Urbano en Zacatl\u00e1n"},"content":{"rendered":"<p>El Ayuntamiento de Zacatl\u00e1n, a trav\u00e9s del Consejo Municipal de Desarrollo Urbano y Vivienda, inici\u00f3 el proceso de consulta p\u00fablica para actualizar el Programa Municipal de Desarrollo Urbano, un instrumento fundamental para ordenar el crecimiento del municipio con un marco legal moderno y participativo.<\/p>\n<p>El d\u00eda de ayer se llev\u00f3 a cabo la primera Mesa de Trabajo, titulada &#8220;Gesti\u00f3n Legal del Territorio.<\/p>\n<p>Durante el evento, representantes de diversos sectores de la ciudadan\u00eda participaron en din\u00e1micas interactivas, donde abordaron problem\u00e1ticas como los asentamientos irregulares y su impacto en servicios p\u00fablicos, especialmente el suministro de agua.<\/p>\n<p>Tambi\u00e9n se subray\u00f3 la necesidad de establecer una zonificaci\u00f3n adecuada y actualizar el marco legal, para promover un desarrollo urbano sostenible.<\/p>\n<p>La presidenta municipal, Bety S\u00e1nchez clausur\u00f3 el taller agradeciendo la participaci\u00f3n activa de la ciudadan\u00eda, reiterando su compromiso de consolidar un Zacatl\u00e1n ordenado y planificado, donde la voz de todos sea escuchada.<\/p>\n<p>Asimismo, anunci\u00f3 que su administraci\u00f3n actualizar\u00e1 el Atlas de Riesgo, que lleva 13 a\u00f1os sin revisarse, para fortalecer la seguridad y la planeaci\u00f3n urbana.<\/p>\n<p>La pr\u00f3xima Mesa de Trabajo en su modalidad de taller, denominada \u201cEl Zacatl\u00e1n que todos queremos&#8221;, se llevar\u00e1 a cabo el 29 de octubre a las 5:00 p.m, en el Sal\u00f3n 1888 del Palacio Municipal.<\/p>\n<p>Planeamos y transformamos Zacatl\u00e1n de la mano\u00a0de\u00a0la\u00a0gente.<\/p>\n<p><img loading=\"lazy\" decoding=\"async\" class=\"alignnone size-large wp-image-2876\" src=\"https:\/\/zacatlan.gob.mx\/boletines\/wp-content\/uploads\/2025\/10\/IMG-20251027-WA0158-1024x682.jpg\" alt=\"\" width=\"1024\" height=\"682\" srcset=\"https:\/\/zacatlan.gob.mx\/boletines\/wp-content\/uploads\/2025\/10\/IMG-20251027-WA0158-1024x682.jpg 1024w, https:\/\/zacatlan.gob.mx\/boletines\/wp-content\/uploads\/2025\/10\/IMG-20251027-WA0158-300x200.jpg 300w, https:\/\/zacatlan.gob.mx\/boletines\/wp-content\/uploads\/2025\/10\/IMG-20251027-WA0158-768x512.jpg 768w, https:\/\/zacatlan.gob.mx\/boletines\/wp-content\/uploads\/2025\/10\/IMG-20251027-WA0158-585x390.jpg 585w, https:\/\/zacatlan.gob.mx\/boletines\/wp-content\/uploads\/2025\/10\/IMG-20251027-WA0158.jpg 1280w\" sizes=\"auto, (max-width: 1024px) 100vw, 1024px\" \/> <img loading=\"lazy\" decoding=\"async\" class=\"alignnone size-large wp-image-2877\" src=\"https:\/\/zacatlan.gob.mx\/boletines\/wp-content\/uploads\/2025\/10\/IMG-20251027-WA0159-1024x682.jpg\" alt=\"\" width=\"1024\" height=\"682\" srcset=\"https:\/\/zacatlan.gob.mx\/boletines\/wp-content\/uploads\/2025\/10\/IMG-20251027-WA0159-1024x682.jpg 1024w, https:\/\/zacatlan.gob.mx\/boletines\/wp-content\/uploads\/2025\/10\/IMG-20251027-WA0159-300x200.jpg 300w, https:\/\/zacatlan.gob.mx\/boletines\/wp-content\/uploads\/2025\/10\/IMG-20251027-WA0159-768x512.jpg 768w, https:\/\/zacatlan.gob.mx\/boletines\/wp-content\/uploads\/2025\/10\/IMG-20251027-WA0159-585x390.jpg 585w, https:\/\/zacatlan.gob.mx\/boletines\/wp-content\/uploads\/2025\/10\/IMG-20251027-WA0159.jpg 1280w\" sizes=\"auto, (max-width: 1024px) 100vw, 1024px\" \/> <img loading=\"lazy\" decoding=\"async\" class=\"alignnone size-large wp-image-2878\" src=\"https:\/\/zacatlan.gob.mx\/boletines\/wp-content\/uploads\/2025\/10\/IMG-20251027-WA0157-1024x682.jpg\" alt=\"\" width=\"1024\" height=\"682\" srcset=\"https:\/\/zacatlan.gob.mx\/boletines\/wp-content\/uploads\/2025\/10\/IMG-20251027-WA0157-1024x682.jpg 1024w, https:\/\/zacatlan.gob.mx\/boletines\/wp-content\/uploads\/2025\/10\/IMG-20251027-WA0157-300x200.jpg 300w, https:\/\/zacatlan.gob.mx\/boletines\/wp-content\/uploads\/2025\/10\/IMG-20251027-WA0157-768x512.jpg 768w, https:\/\/zacatlan.gob.mx\/boletines\/wp-content\/uploads\/2025\/10\/IMG-20251027-WA0157-585x390.jpg 585w, https:\/\/zacatlan.gob.mx\/boletines\/wp-content\/uploads\/2025\/10\/IMG-20251027-WA0157.jpg 1280w\" sizes=\"auto, (max-width: 1024px) 100vw, 1024px\" \/><\/p>\n","protected":false},"excerpt":{"rendered":"<p>El Ayuntamiento de Zacatl\u00e1n, a trav\u00e9s del Consejo Municipal de Desarrollo Urbano y Vivienda, inici\u00f3 el proceso de consulta p\u00fablica para actualizar el Programa Municipal de Desarrollo Urbano, un instrumento fundamental para ordenar el crecimiento del municipio con un marco legal moderno y participativo. El&#8230;<\/p>\n","protected":false},"author":2,"featured_media":2879,"comment_status":"open","ping_status":"open","sticky":false,"template":"","format":"standard","meta":{"footnotes":""},"categories":[4],"tags":[455],"class_list":["post-2875","post","type-post","status-publish","format-standard","has-post-thumbnail","hentry","category-boletines","tag-desarrollo-urbano"],"_links":{"self":[{"href":"https:\/\/zacatlan.gob.mx\/boletines\/wp-json\/wp\/v2\/posts\/2875","targetHints":{"allow":["GET"]}}],"collection":[{"href":"https:\/\/zacatlan.gob.mx\/boletines\/wp-json\/wp\/v2\/posts"}],"about":[{"href":"https:\/\/zacatlan.gob.mx\/boletines\/wp-json\/wp\/v2\/types\/post"}],"author":[{"embeddable":true,"href":"https:\/\/zacatlan.gob.mx\/boletines\/wp-json\/wp\/v2\/users\/2"}],"replies":[{"embeddable":true,"href":"https:\/\/zacatlan.gob.mx\/boletines\/wp-json\/wp\/v2\/comments?post=2875"}],"version-history":[{"count":1,"href":"https:\/\/zacatlan.gob.mx\/boletines\/wp-json\/wp\/v2\/posts\/2875\/revisions"}],"predecessor-version":[{"id":2880,"href":"https:\/\/zacatlan.gob.mx\/boletines\/wp-json\/wp\/v2\/posts\/2875\/revisions\/2880"}],"wp:featuredmedia":[{"embeddable":true,"href":"https:\/\/zacatlan.gob.mx\/boletines\/wp-json\/wp\/v2\/media\/2879"}],"wp:attachment":[{"href":"https:\/\/zacatlan.gob.mx\/boletines\/wp-json\/wp\/v2\/media?parent=2875"}],"wp:term":[{"taxonomy":"category","embeddable":true,"href":"https:\/\/zacatlan.gob.mx\/boletines\/wp-json\/wp\/v2\/categories?post=2875"},{"taxonomy":"post_tag","embeddable":true,"href":"https:\/\/zacatlan.gob.mx\/boletines\/wp-json\/wp\/v2\/tags?post=2875"}],"curies":[{"name":"wp","href":"https:\/\/api.w.org\/{rel}","templated":true}]}}