{"id":2713,"date":"2025-09-26T20:07:13","date_gmt":"2025-09-27T02:07:13","guid":{"rendered":"https:\/\/zacatlan.gob.mx\/boletines\/?p=2713"},"modified":"2025-09-29T16:08:21","modified_gmt":"2025-09-29T22:08:21","slug":"expertas-en-igualdad-de-genero-de-colombia-piden-a-jovenes-de-zacatlan-tener-un-proyecto-de-vida","status":"publish","type":"post","link":"https:\/\/zacatlan.gob.mx\/boletines\/2025\/09\/26\/expertas-en-igualdad-de-genero-de-colombia-piden-a-jovenes-de-zacatlan-tener-un-proyecto-de-vida\/","title":{"rendered":"Expertas en igualdad de g\u00e9nero de Colombia piden a j\u00f3venes de Zacatl\u00e1n tener un proyecto de vida"},"content":{"rendered":"<p><img loading=\"lazy\" decoding=\"async\" class=\"alignnone size-large wp-image-2714\" src=\"https:\/\/zacatlan.gob.mx\/boletines\/wp-content\/uploads\/2025\/09\/IMG-20250929-WA0177-1024x682.jpg\" alt=\"\" width=\"1024\" height=\"682\" srcset=\"https:\/\/zacatlan.gob.mx\/boletines\/wp-content\/uploads\/2025\/09\/IMG-20250929-WA0177-1024x682.jpg 1024w, https:\/\/zacatlan.gob.mx\/boletines\/wp-content\/uploads\/2025\/09\/IMG-20250929-WA0177-300x200.jpg 300w, https:\/\/zacatlan.gob.mx\/boletines\/wp-content\/uploads\/2025\/09\/IMG-20250929-WA0177-768x512.jpg 768w, https:\/\/zacatlan.gob.mx\/boletines\/wp-content\/uploads\/2025\/09\/IMG-20250929-WA0177-585x390.jpg 585w, https:\/\/zacatlan.gob.mx\/boletines\/wp-content\/uploads\/2025\/09\/IMG-20250929-WA0177.jpg 1280w\" sizes=\"auto, (max-width: 1024px) 100vw, 1024px\" \/> <img loading=\"lazy\" decoding=\"async\" class=\"alignnone size-large wp-image-2716\" src=\"https:\/\/zacatlan.gob.mx\/boletines\/wp-content\/uploads\/2025\/09\/IMG-20250929-WA0178-1024x682.jpg\" alt=\"\" width=\"1024\" height=\"682\" srcset=\"https:\/\/zacatlan.gob.mx\/boletines\/wp-content\/uploads\/2025\/09\/IMG-20250929-WA0178-1024x682.jpg 1024w, https:\/\/zacatlan.gob.mx\/boletines\/wp-content\/uploads\/2025\/09\/IMG-20250929-WA0178-300x200.jpg 300w, https:\/\/zacatlan.gob.mx\/boletines\/wp-content\/uploads\/2025\/09\/IMG-20250929-WA0178-768x512.jpg 768w, https:\/\/zacatlan.gob.mx\/boletines\/wp-content\/uploads\/2025\/09\/IMG-20250929-WA0178-585x390.jpg 585w, https:\/\/zacatlan.gob.mx\/boletines\/wp-content\/uploads\/2025\/09\/IMG-20250929-WA0178.jpg 1280w\" sizes=\"auto, (max-width: 1024px) 100vw, 1024px\" \/> <img loading=\"lazy\" decoding=\"async\" class=\"alignnone size-large wp-image-2717\" src=\"https:\/\/zacatlan.gob.mx\/boletines\/wp-content\/uploads\/2025\/09\/IMG-20250929-WA0179-1024x682.jpg\" alt=\"\" width=\"1024\" height=\"682\" srcset=\"https:\/\/zacatlan.gob.mx\/boletines\/wp-content\/uploads\/2025\/09\/IMG-20250929-WA0179-1024x682.jpg 1024w, https:\/\/zacatlan.gob.mx\/boletines\/wp-content\/uploads\/2025\/09\/IMG-20250929-WA0179-300x200.jpg 300w, https:\/\/zacatlan.gob.mx\/boletines\/wp-content\/uploads\/2025\/09\/IMG-20250929-WA0179-768x512.jpg 768w, https:\/\/zacatlan.gob.mx\/boletines\/wp-content\/uploads\/2025\/09\/IMG-20250929-WA0179-585x390.jpg 585w, https:\/\/zacatlan.gob.mx\/boletines\/wp-content\/uploads\/2025\/09\/IMG-20250929-WA0179.jpg 1280w\" sizes=\"auto, (max-width: 1024px) 100vw, 1024px\" \/>En el marco de la Jornada Internacional de la Prevenci\u00f3n del Embarazo no Planificado, las colombianas Carmen Ofelia Castrill\u00f3n Paz y Nasly Lucum\u00ed D\u00edaz, secretaria de la Mujer de la Gobernaci\u00f3n de Cauca, impartieron una ponencia magistral donde pidieron a j\u00f3venes de Zacatl\u00e1n tener un proyecto de vida.<\/p>\n<p>La primera en tomar el micr\u00f3fono fue Nasly Lucim\u00ed D\u00edaz, secretaria de la Mujer de la Gobernaci\u00f3n de Cauca en Colombia, quien habl\u00f3 sobre los problemas estructurales de la sociedad y c\u00f3mo los padecen las y los j\u00f3venes.<\/p>\n<p>En su charla, explic\u00f3 los problemas a los que se enfrenta este sector social desde los embarazos no planificados, las enfermedades de transmisi\u00f3n sexual, as\u00ed como la marginaci\u00f3n y la pobreza.<\/p>\n<p>Ella hizo hincapi\u00e9 en que las y los j\u00f3venes deben de tener un proyecto de vida, pues sirve como una gu\u00eda para cumplir con sus sue\u00f1os o metas, de lo contrario corren el riesgo de atarse a una vida que no so\u00f1aron.<\/p>\n<p>Tambi\u00e9n les pidi\u00f3 ser responsables en sus decisiones, porque de \u00e9stas depender\u00e1 su futuro y estabilidad tanto econ\u00f3mica como emocional.<\/p>\n<p>En tanto, Carmen Ofelia Castrill\u00f3n Paz, educadora y l\u00edder social, habl\u00f3 sobre los problemas a las que se enfrentan las ni\u00f1as y adolescentes, dijo que uno de los m\u00e1s recurrentes es el abuso sexual, e indic\u00f3 que se vive m\u00e1s en casa, por lo que dijo que la comunicaci\u00f3n entre padres e hijos es fundamental.<\/p>\n<p>Como parte de esta jornada, se instal\u00f3 en el z\u00f3calo una feria de dependencias con distintos m\u00f3dulos de informaci\u00f3n. Entre las dependencias que estuvieron brindando servicio destacaron el DIF, la Coordinaci\u00f3n de Igualdad Sustantiva de G\u00e9nero, instancias estatales\u00a0y\u00a0federales.<\/p>\n","protected":false},"excerpt":{"rendered":"<p>En el marco de la Jornada Internacional de la Prevenci\u00f3n del Embarazo no Planificado, las colombianas Carmen Ofelia Castrill\u00f3n Paz y Nasly Lucum\u00ed D\u00edaz, secretaria de la Mujer de la Gobernaci\u00f3n de Cauca, impartieron una ponencia magistral donde pidieron a j\u00f3venes de Zacatl\u00e1n tener un&#8230;<\/p>\n","protected":false},"author":2,"featured_media":2715,"comment_status":"open","ping_status":"open","sticky":false,"template":"","format":"standard","meta":{"footnotes":""},"categories":[4],"tags":[433],"class_list":["post-2713","post","type-post","status-publish","format-standard","has-post-thumbnail","hentry","category-boletines","tag-colombia"],"_links":{"self":[{"href":"https:\/\/zacatlan.gob.mx\/boletines\/wp-json\/wp\/v2\/posts\/2713","targetHints":{"allow":["GET"]}}],"collection":[{"href":"https:\/\/zacatlan.gob.mx\/boletines\/wp-json\/wp\/v2\/posts"}],"about":[{"href":"https:\/\/zacatlan.gob.mx\/boletines\/wp-json\/wp\/v2\/types\/post"}],"author":[{"embeddable":true,"href":"https:\/\/zacatlan.gob.mx\/boletines\/wp-json\/wp\/v2\/users\/2"}],"replies":[{"embeddable":true,"href":"https:\/\/zacatlan.gob.mx\/boletines\/wp-json\/wp\/v2\/comments?post=2713"}],"version-history":[{"count":1,"href":"https:\/\/zacatlan.gob.mx\/boletines\/wp-json\/wp\/v2\/posts\/2713\/revisions"}],"predecessor-version":[{"id":2718,"href":"https:\/\/zacatlan.gob.mx\/boletines\/wp-json\/wp\/v2\/posts\/2713\/revisions\/2718"}],"wp:featuredmedia":[{"embeddable":true,"href":"https:\/\/zacatlan.gob.mx\/boletines\/wp-json\/wp\/v2\/media\/2715"}],"wp:attachment":[{"href":"https:\/\/zacatlan.gob.mx\/boletines\/wp-json\/wp\/v2\/media?parent=2713"}],"wp:term":[{"taxonomy":"category","embeddable":true,"href":"https:\/\/zacatlan.gob.mx\/boletines\/wp-json\/wp\/v2\/categories?post=2713"},{"taxonomy":"post_tag","embeddable":true,"href":"https:\/\/zacatlan.gob.mx\/boletines\/wp-json\/wp\/v2\/tags?post=2713"}],"curies":[{"name":"wp","href":"https:\/\/api.w.org\/{rel}","templated":true}]}}