{"id":2641,"date":"2025-09-20T19:16:35","date_gmt":"2025-09-21T01:16:35","guid":{"rendered":"https:\/\/zacatlan.gob.mx\/boletines\/?p=2641"},"modified":"2025-09-26T14:20:26","modified_gmt":"2025-09-26T20:20:26","slug":"inauguran-copa-nacional-indigena-oscar-diablo-castellanos-de-baloncesto-en-zacatlan","status":"publish","type":"post","link":"https:\/\/zacatlan.gob.mx\/boletines\/2025\/09\/20\/inauguran-copa-nacional-indigena-oscar-diablo-castellanos-de-baloncesto-en-zacatlan\/","title":{"rendered":"Inauguran Copa Nacional Ind\u00edgena Oscar \u201cDiablo\u201d Castellanos de baloncesto en Zacatl\u00e1n"},"content":{"rendered":"<p>Con una participaci\u00f3n de 600 deportistas de distintas partes de M\u00e9xico y con la presencia de las leyendas del b\u00e1squetbol, Oscar \u201cDiablo\u201d Castellanos y V\u00edctor \u00c1vila, la presienta municipal de Zacatl\u00e1n, Bety S\u00e1nchez inaugur\u00f3 la Copa Nacional Ind\u00edgena \u201cOscar Diablo Castellanos\u201d de baloncesto.<\/p>\n<p>Tras los honores a la bandera y la participaci\u00f3n de la banda de m\u00fasica del Centro Escolar Presidente Juan N. M\u00e9ndez, la presidenta municipal, Bety S\u00e1nchez mencion\u00f3 que este tipo de eventos fortalecen el cuerpo, alimentan el esp\u00edritu y regeneran el tejido social, creando espacios de bienestar y uni\u00f3n familiar.<\/p>\n<p>Tambi\u00e9n, destac\u00f3 que Zacatl\u00e1n se est\u00e1 convirtiendo en un importante destino para el turismo deportivo, por lo que agradeci\u00f3 el apoyo de la Secretar\u00eda de Turismo Federal, la Secretar\u00eda de Desarrollo Tur\u00edstico, as\u00ed como el Consejo Mexicano de Turismo Deportivo (COMETUD).<\/p>\n<p>En tanto, Israel Hermosillo Hern\u00e1ndez, presidente de la Federaci\u00f3n Mexicana de Baloncesto, destac\u00f3 el apoyo que ha recibido de Bety S\u00e1nchez para la realizaci\u00f3n de este evento. Dijo que Zacatl\u00e1n es un gran destino tur\u00edstico para los deportes, pero en especial para el b\u00e1squetbol.<\/p>\n<p>Tambi\u00e9n reconoci\u00f3 el apoyo que la alcaldesa le est\u00e1 dando al deporte en el municipio.<\/p>\n<p>En tanto, Jos\u00e9 Luis Sosa Lim\u00f3n, presidente de COMETUD, revel\u00f3 que el pr\u00f3ximo torneo de esta copa tambi\u00e9n ser\u00e1 en Zacatl\u00e1n, ya que han hecho una gran sinergia con el gobierno municipal.<\/p>\n<p>En esta copa participan equipos de Puebla, Estado de M\u00e9xico, CDMX, Veracruz, Morelos, Oaxaca, Michoac\u00e1n, Tlaxcala, entre otros estados.<\/p>\n<p>Finalmente, para dar por inaugurada la Copa Nacional Ind\u00edgena Oscar Diablo Castellanos, Bety S\u00e1nchez hizo el tiro a la canasta, que por cierto,\u00a0encest\u00f3.<\/p>\n<p><img loading=\"lazy\" decoding=\"async\" class=\"alignnone size-large wp-image-2642\" src=\"https:\/\/zacatlan.gob.mx\/boletines\/wp-content\/uploads\/2025\/09\/IMG-20250926-WA0880-1024x682.jpg\" alt=\"\" width=\"1024\" height=\"682\" srcset=\"https:\/\/zacatlan.gob.mx\/boletines\/wp-content\/uploads\/2025\/09\/IMG-20250926-WA0880-1024x682.jpg 1024w, https:\/\/zacatlan.gob.mx\/boletines\/wp-content\/uploads\/2025\/09\/IMG-20250926-WA0880-300x200.jpg 300w, https:\/\/zacatlan.gob.mx\/boletines\/wp-content\/uploads\/2025\/09\/IMG-20250926-WA0880-768x512.jpg 768w, https:\/\/zacatlan.gob.mx\/boletines\/wp-content\/uploads\/2025\/09\/IMG-20250926-WA0880-585x390.jpg 585w, https:\/\/zacatlan.gob.mx\/boletines\/wp-content\/uploads\/2025\/09\/IMG-20250926-WA0880.jpg 1280w\" sizes=\"auto, (max-width: 1024px) 100vw, 1024px\" \/> <img loading=\"lazy\" decoding=\"async\" class=\"alignnone size-large wp-image-2643\" src=\"https:\/\/zacatlan.gob.mx\/boletines\/wp-content\/uploads\/2025\/09\/IMG-20250926-WA0878-682x1024.jpg\" alt=\"\" width=\"682\" height=\"1024\" srcset=\"https:\/\/zacatlan.gob.mx\/boletines\/wp-content\/uploads\/2025\/09\/IMG-20250926-WA0878-682x1024.jpg 682w, https:\/\/zacatlan.gob.mx\/boletines\/wp-content\/uploads\/2025\/09\/IMG-20250926-WA0878-200x300.jpg 200w, https:\/\/zacatlan.gob.mx\/boletines\/wp-content\/uploads\/2025\/09\/IMG-20250926-WA0878-768x1152.jpg 768w, https:\/\/zacatlan.gob.mx\/boletines\/wp-content\/uploads\/2025\/09\/IMG-20250926-WA0878-585x878.jpg 585w, https:\/\/zacatlan.gob.mx\/boletines\/wp-content\/uploads\/2025\/09\/IMG-20250926-WA0878.jpg 853w\" sizes=\"auto, (max-width: 682px) 100vw, 682px\" \/> <img loading=\"lazy\" decoding=\"async\" class=\"alignnone size-large wp-image-2644\" src=\"https:\/\/zacatlan.gob.mx\/boletines\/wp-content\/uploads\/2025\/09\/IMG-20250926-WA0875-683x1024.jpg\" alt=\"\" width=\"683\" height=\"1024\" srcset=\"https:\/\/zacatlan.gob.mx\/boletines\/wp-content\/uploads\/2025\/09\/IMG-20250926-WA0875-683x1024.jpg 683w, https:\/\/zacatlan.gob.mx\/boletines\/wp-content\/uploads\/2025\/09\/IMG-20250926-WA0875-200x300.jpg 200w, https:\/\/zacatlan.gob.mx\/boletines\/wp-content\/uploads\/2025\/09\/IMG-20250926-WA0875-768x1152.jpg 768w, https:\/\/zacatlan.gob.mx\/boletines\/wp-content\/uploads\/2025\/09\/IMG-20250926-WA0875-585x877.jpg 585w, https:\/\/zacatlan.gob.mx\/boletines\/wp-content\/uploads\/2025\/09\/IMG-20250926-WA0875.jpg 853w\" sizes=\"auto, (max-width: 683px) 100vw, 683px\" \/> <img loading=\"lazy\" decoding=\"async\" class=\"alignnone size-large wp-image-2645\" src=\"https:\/\/zacatlan.gob.mx\/boletines\/wp-content\/uploads\/2025\/09\/IMG-20250926-WA0879-1024x682.jpg\" alt=\"\" width=\"1024\" height=\"682\" srcset=\"https:\/\/zacatlan.gob.mx\/boletines\/wp-content\/uploads\/2025\/09\/IMG-20250926-WA0879-1024x682.jpg 1024w, https:\/\/zacatlan.gob.mx\/boletines\/wp-content\/uploads\/2025\/09\/IMG-20250926-WA0879-300x200.jpg 300w, https:\/\/zacatlan.gob.mx\/boletines\/wp-content\/uploads\/2025\/09\/IMG-20250926-WA0879-768x512.jpg 768w, https:\/\/zacatlan.gob.mx\/boletines\/wp-content\/uploads\/2025\/09\/IMG-20250926-WA0879-585x390.jpg 585w, https:\/\/zacatlan.gob.mx\/boletines\/wp-content\/uploads\/2025\/09\/IMG-20250926-WA0879.jpg 1280w\" sizes=\"auto, (max-width: 1024px) 100vw, 1024px\" \/> <img loading=\"lazy\" decoding=\"async\" class=\"alignnone size-large wp-image-2646\" src=\"https:\/\/zacatlan.gob.mx\/boletines\/wp-content\/uploads\/2025\/09\/IMG-20250926-WA0874-1024x682.jpg\" alt=\"\" width=\"1024\" height=\"682\" srcset=\"https:\/\/zacatlan.gob.mx\/boletines\/wp-content\/uploads\/2025\/09\/IMG-20250926-WA0874-1024x682.jpg 1024w, https:\/\/zacatlan.gob.mx\/boletines\/wp-content\/uploads\/2025\/09\/IMG-20250926-WA0874-300x200.jpg 300w, https:\/\/zacatlan.gob.mx\/boletines\/wp-content\/uploads\/2025\/09\/IMG-20250926-WA0874-768x512.jpg 768w, https:\/\/zacatlan.gob.mx\/boletines\/wp-content\/uploads\/2025\/09\/IMG-20250926-WA0874-585x390.jpg 585w, https:\/\/zacatlan.gob.mx\/boletines\/wp-content\/uploads\/2025\/09\/IMG-20250926-WA0874.jpg 1280w\" sizes=\"auto, (max-width: 1024px) 100vw, 1024px\" \/> <img loading=\"lazy\" decoding=\"async\" class=\"alignnone size-large wp-image-2647\" src=\"https:\/\/zacatlan.gob.mx\/boletines\/wp-content\/uploads\/2025\/09\/IMG-20250926-WA0882-1024x682.jpg\" alt=\"\" width=\"1024\" height=\"682\" srcset=\"https:\/\/zacatlan.gob.mx\/boletines\/wp-content\/uploads\/2025\/09\/IMG-20250926-WA0882-1024x682.jpg 1024w, https:\/\/zacatlan.gob.mx\/boletines\/wp-content\/uploads\/2025\/09\/IMG-20250926-WA0882-300x200.jpg 300w, https:\/\/zacatlan.gob.mx\/boletines\/wp-content\/uploads\/2025\/09\/IMG-20250926-WA0882-768x512.jpg 768w, https:\/\/zacatlan.gob.mx\/boletines\/wp-content\/uploads\/2025\/09\/IMG-20250926-WA0882-585x390.jpg 585w, https:\/\/zacatlan.gob.mx\/boletines\/wp-content\/uploads\/2025\/09\/IMG-20250926-WA0882.jpg 1160w\" sizes=\"auto, (max-width: 1024px) 100vw, 1024px\" \/> <img loading=\"lazy\" decoding=\"async\" class=\"alignnone size-large wp-image-2649\" src=\"https:\/\/zacatlan.gob.mx\/boletines\/wp-content\/uploads\/2025\/09\/IMG-20250926-WA0877-1024x682.jpg\" alt=\"\" width=\"1024\" height=\"682\" srcset=\"https:\/\/zacatlan.gob.mx\/boletines\/wp-content\/uploads\/2025\/09\/IMG-20250926-WA0877-1024x682.jpg 1024w, https:\/\/zacatlan.gob.mx\/boletines\/wp-content\/uploads\/2025\/09\/IMG-20250926-WA0877-300x200.jpg 300w, https:\/\/zacatlan.gob.mx\/boletines\/wp-content\/uploads\/2025\/09\/IMG-20250926-WA0877-768x511.jpg 768w, https:\/\/zacatlan.gob.mx\/boletines\/wp-content\/uploads\/2025\/09\/IMG-20250926-WA0877-585x390.jpg 585w, https:\/\/zacatlan.gob.mx\/boletines\/wp-content\/uploads\/2025\/09\/IMG-20250926-WA0877.jpg 1233w\" sizes=\"auto, (max-width: 1024px) 100vw, 1024px\" \/><\/p>\n","protected":false},"excerpt":{"rendered":"<p>Con una participaci\u00f3n de 600 deportistas de distintas partes de M\u00e9xico y con la presencia de las leyendas del b\u00e1squetbol, Oscar \u201cDiablo\u201d Castellanos y V\u00edctor \u00c1vila, la presienta municipal de Zacatl\u00e1n, Bety S\u00e1nchez inaugur\u00f3 la Copa Nacional Ind\u00edgena \u201cOscar Diablo Castellanos\u201d de baloncesto. Tras los&#8230;<\/p>\n","protected":false},"author":2,"featured_media":2648,"comment_status":"open","ping_status":"open","sticky":false,"template":"","format":"standard","meta":{"footnotes":""},"categories":[4],"tags":[425,424],"class_list":["post-2641","post","type-post","status-publish","format-standard","has-post-thumbnail","hentry","category-boletines","tag-baloncesto","tag-copa-nacional"],"_links":{"self":[{"href":"https:\/\/zacatlan.gob.mx\/boletines\/wp-json\/wp\/v2\/posts\/2641","targetHints":{"allow":["GET"]}}],"collection":[{"href":"https:\/\/zacatlan.gob.mx\/boletines\/wp-json\/wp\/v2\/posts"}],"about":[{"href":"https:\/\/zacatlan.gob.mx\/boletines\/wp-json\/wp\/v2\/types\/post"}],"author":[{"embeddable":true,"href":"https:\/\/zacatlan.gob.mx\/boletines\/wp-json\/wp\/v2\/users\/2"}],"replies":[{"embeddable":true,"href":"https:\/\/zacatlan.gob.mx\/boletines\/wp-json\/wp\/v2\/comments?post=2641"}],"version-history":[{"count":1,"href":"https:\/\/zacatlan.gob.mx\/boletines\/wp-json\/wp\/v2\/posts\/2641\/revisions"}],"predecessor-version":[{"id":2650,"href":"https:\/\/zacatlan.gob.mx\/boletines\/wp-json\/wp\/v2\/posts\/2641\/revisions\/2650"}],"wp:featuredmedia":[{"embeddable":true,"href":"https:\/\/zacatlan.gob.mx\/boletines\/wp-json\/wp\/v2\/media\/2648"}],"wp:attachment":[{"href":"https:\/\/zacatlan.gob.mx\/boletines\/wp-json\/wp\/v2\/media?parent=2641"}],"wp:term":[{"taxonomy":"category","embeddable":true,"href":"https:\/\/zacatlan.gob.mx\/boletines\/wp-json\/wp\/v2\/categories?post=2641"},{"taxonomy":"post_tag","embeddable":true,"href":"https:\/\/zacatlan.gob.mx\/boletines\/wp-json\/wp\/v2\/tags?post=2641"}],"curies":[{"name":"wp","href":"https:\/\/api.w.org\/{rel}","templated":true}]}}