{"id":2582,"date":"2025-09-17T16:17:28","date_gmt":"2025-09-17T22:17:28","guid":{"rendered":"https:\/\/zacatlan.gob.mx\/boletines\/?p=2582"},"modified":"2025-09-17T16:17:28","modified_gmt":"2025-09-17T22:17:28","slug":"inician-asambleas-y-diagnostico-para-el-centro-de-bienestar-y-salud-emocional-de-zacatlan","status":"publish","type":"post","link":"https:\/\/zacatlan.gob.mx\/boletines\/2025\/09\/17\/inician-asambleas-y-diagnostico-para-el-centro-de-bienestar-y-salud-emocional-de-zacatlan\/","title":{"rendered":"Inician asambleas y diagn\u00f3stico para el Centro de Bienestar y Salud Emocional de Zacatl\u00e1n"},"content":{"rendered":"<p>Este d\u00eda, iniciaron las asambleas y el levantamiento del diagn\u00f3stico para la elaboraci\u00f3n del Centro de Bienestar y Salud Emocional de Zacatl\u00e1n, una propuesta de campa\u00f1a de la presienta municipal, Bety S\u00e1nchez.<\/p>\n<p>Este diagn\u00f3stico y mapeo, lo realiza el Ayuntamiento en coordinaci\u00f3n con la Universidad Iberoamericana Puebla, con el fin de brindar este servicio a toda la poblaci\u00f3n sin distingo alguno.<\/p>\n<p>Al respecto, Jaqueline Lastiri Barrios, coordinadora de Prevenci\u00f3n y Promoci\u00f3n a la Salud, inform\u00f3 que se realizar\u00e1n asambleas para hacer este diagn\u00f3stico, en las que participar\u00e1n personas de distintas comunidades.<\/p>\n<p>Tambi\u00e9n, mencion\u00f3 que la intenci\u00f3n es atender los problemas de salud emocional de la poblaci\u00f3n, ya que seg\u00fan la OMSS es el estado de bienestar en el que cada individuo desarroll\u00f3 su potencial, afronta las tensiones de la vida, trabaja de forma productiva y aporta algo a su comunidad.<\/p>\n<p>Por su parte, la presidenta municipal, Bety S\u00e1nchez dijo estar muy contenta con este trabajo, ya que el Centro de Salud y Bienestar Emocional fue una de sus propuestas de campa\u00f1as.<\/p>\n<p>Dijo que quiere dejarle algo de provecho al pueblo de Zacatl\u00e1n, sobretodo en salud emocional porque es indispensable actualmente y poco atendida.<\/p>\n<p>Agradeci\u00f3 a la Universidad Iberoamericana por el apoyo, e indic\u00f3 que est\u00e1 garantizado el trabajo de calidad, ya que la instituci\u00f3n es experta en estos temas.<\/p>\n<p>En tanto, Ericka Escalante quien es coordinadora de la Maestr\u00eda en Desarrollo Humano de la Ibero, adem\u00e1s de investigadora, explic\u00f3 que estas asambleas fueron dise\u00f1adas con una metodolog\u00eda de psicolog\u00eda social e intervenci\u00f3n comunitaria.<\/p>\n<p>A trav\u00e9s del di\u00e1logo y herramientas l\u00fadicas, se recabar\u00e1 la informaci\u00f3n y el diagn\u00f3stico, para trabajar en la creaci\u00f3n del Centro de Bienestar y Salud Emocional de Zacatl\u00e1n.<\/p>\n<p>A\u00fan faltan 3 asambleas, que se realizar\u00e1n en el mismo n\u00famero de comunidades, adem\u00e1s de que se har\u00e1 un trabajo especial con j\u00f3venes para comprender los problemas a los que\u00a0se\u00a0enfrentan.<\/p>\n<p><img loading=\"lazy\" decoding=\"async\" class=\"alignnone size-large wp-image-2583\" src=\"https:\/\/zacatlan.gob.mx\/boletines\/wp-content\/uploads\/2025\/09\/IMG-20250917-WA0340-1024x682.jpg\" alt=\"\" width=\"1024\" height=\"682\" srcset=\"https:\/\/zacatlan.gob.mx\/boletines\/wp-content\/uploads\/2025\/09\/IMG-20250917-WA0340-1024x682.jpg 1024w, https:\/\/zacatlan.gob.mx\/boletines\/wp-content\/uploads\/2025\/09\/IMG-20250917-WA0340-300x200.jpg 300w, https:\/\/zacatlan.gob.mx\/boletines\/wp-content\/uploads\/2025\/09\/IMG-20250917-WA0340-768x512.jpg 768w, https:\/\/zacatlan.gob.mx\/boletines\/wp-content\/uploads\/2025\/09\/IMG-20250917-WA0340-1536x1023.jpg 1536w, https:\/\/zacatlan.gob.mx\/boletines\/wp-content\/uploads\/2025\/09\/IMG-20250917-WA0340-585x390.jpg 585w, https:\/\/zacatlan.gob.mx\/boletines\/wp-content\/uploads\/2025\/09\/IMG-20250917-WA0340.jpg 1600w\" sizes=\"auto, (max-width: 1024px) 100vw, 1024px\" \/> <img loading=\"lazy\" decoding=\"async\" class=\"alignnone size-large wp-image-2584\" src=\"https:\/\/zacatlan.gob.mx\/boletines\/wp-content\/uploads\/2025\/09\/IMG-20250917-WA0337-1024x682.jpg\" alt=\"\" width=\"1024\" height=\"682\" srcset=\"https:\/\/zacatlan.gob.mx\/boletines\/wp-content\/uploads\/2025\/09\/IMG-20250917-WA0337-1024x682.jpg 1024w, https:\/\/zacatlan.gob.mx\/boletines\/wp-content\/uploads\/2025\/09\/IMG-20250917-WA0337-300x200.jpg 300w, https:\/\/zacatlan.gob.mx\/boletines\/wp-content\/uploads\/2025\/09\/IMG-20250917-WA0337-768x512.jpg 768w, https:\/\/zacatlan.gob.mx\/boletines\/wp-content\/uploads\/2025\/09\/IMG-20250917-WA0337-1536x1023.jpg 1536w, https:\/\/zacatlan.gob.mx\/boletines\/wp-content\/uploads\/2025\/09\/IMG-20250917-WA0337-585x390.jpg 585w, https:\/\/zacatlan.gob.mx\/boletines\/wp-content\/uploads\/2025\/09\/IMG-20250917-WA0337.jpg 1600w\" sizes=\"auto, (max-width: 1024px) 100vw, 1024px\" \/> <img loading=\"lazy\" decoding=\"async\" class=\"alignnone size-large wp-image-2585\" src=\"https:\/\/zacatlan.gob.mx\/boletines\/wp-content\/uploads\/2025\/09\/IMG-20250917-WA0338-1024x683.jpg\" alt=\"\" width=\"1024\" height=\"683\" srcset=\"https:\/\/zacatlan.gob.mx\/boletines\/wp-content\/uploads\/2025\/09\/IMG-20250917-WA0338-1024x683.jpg 1024w, https:\/\/zacatlan.gob.mx\/boletines\/wp-content\/uploads\/2025\/09\/IMG-20250917-WA0338-300x200.jpg 300w, https:\/\/zacatlan.gob.mx\/boletines\/wp-content\/uploads\/2025\/09\/IMG-20250917-WA0338-768x512.jpg 768w, https:\/\/zacatlan.gob.mx\/boletines\/wp-content\/uploads\/2025\/09\/IMG-20250917-WA0338-585x390.jpg 585w, https:\/\/zacatlan.gob.mx\/boletines\/wp-content\/uploads\/2025\/09\/IMG-20250917-WA0338.jpg 1128w\" sizes=\"auto, (max-width: 1024px) 100vw, 1024px\" \/> <img loading=\"lazy\" decoding=\"async\" class=\"alignnone size-large wp-image-2586\" src=\"https:\/\/zacatlan.gob.mx\/boletines\/wp-content\/uploads\/2025\/09\/IMG-20250917-WA0339-1024x682.jpg\" alt=\"\" width=\"1024\" height=\"682\" srcset=\"https:\/\/zacatlan.gob.mx\/boletines\/wp-content\/uploads\/2025\/09\/IMG-20250917-WA0339-1024x682.jpg 1024w, https:\/\/zacatlan.gob.mx\/boletines\/wp-content\/uploads\/2025\/09\/IMG-20250917-WA0339-300x200.jpg 300w, https:\/\/zacatlan.gob.mx\/boletines\/wp-content\/uploads\/2025\/09\/IMG-20250917-WA0339-768x512.jpg 768w, https:\/\/zacatlan.gob.mx\/boletines\/wp-content\/uploads\/2025\/09\/IMG-20250917-WA0339-1536x1023.jpg 1536w, https:\/\/zacatlan.gob.mx\/boletines\/wp-content\/uploads\/2025\/09\/IMG-20250917-WA0339-585x390.jpg 585w, https:\/\/zacatlan.gob.mx\/boletines\/wp-content\/uploads\/2025\/09\/IMG-20250917-WA0339.jpg 1600w\" sizes=\"auto, (max-width: 1024px) 100vw, 1024px\" \/><\/p>\n","protected":false},"excerpt":{"rendered":"<p>Este d\u00eda, iniciaron las asambleas y el levantamiento del diagn\u00f3stico para la elaboraci\u00f3n del Centro de Bienestar y Salud Emocional de Zacatl\u00e1n, una propuesta de campa\u00f1a de la presienta municipal, Bety S\u00e1nchez. Este diagn\u00f3stico y mapeo, lo realiza el Ayuntamiento en coordinaci\u00f3n con la Universidad&#8230;<\/p>\n","protected":false},"author":2,"featured_media":2587,"comment_status":"open","ping_status":"open","sticky":false,"template":"","format":"standard","meta":{"footnotes":""},"categories":[4],"tags":[419,112,266],"class_list":["post-2582","post","type-post","status-publish","format-standard","has-post-thumbnail","hentry","category-boletines","tag-asambleas","tag-bienestar","tag-salud"],"_links":{"self":[{"href":"https:\/\/zacatlan.gob.mx\/boletines\/wp-json\/wp\/v2\/posts\/2582","targetHints":{"allow":["GET"]}}],"collection":[{"href":"https:\/\/zacatlan.gob.mx\/boletines\/wp-json\/wp\/v2\/posts"}],"about":[{"href":"https:\/\/zacatlan.gob.mx\/boletines\/wp-json\/wp\/v2\/types\/post"}],"author":[{"embeddable":true,"href":"https:\/\/zacatlan.gob.mx\/boletines\/wp-json\/wp\/v2\/users\/2"}],"replies":[{"embeddable":true,"href":"https:\/\/zacatlan.gob.mx\/boletines\/wp-json\/wp\/v2\/comments?post=2582"}],"version-history":[{"count":1,"href":"https:\/\/zacatlan.gob.mx\/boletines\/wp-json\/wp\/v2\/posts\/2582\/revisions"}],"predecessor-version":[{"id":2588,"href":"https:\/\/zacatlan.gob.mx\/boletines\/wp-json\/wp\/v2\/posts\/2582\/revisions\/2588"}],"wp:featuredmedia":[{"embeddable":true,"href":"https:\/\/zacatlan.gob.mx\/boletines\/wp-json\/wp\/v2\/media\/2587"}],"wp:attachment":[{"href":"https:\/\/zacatlan.gob.mx\/boletines\/wp-json\/wp\/v2\/media?parent=2582"}],"wp:term":[{"taxonomy":"category","embeddable":true,"href":"https:\/\/zacatlan.gob.mx\/boletines\/wp-json\/wp\/v2\/categories?post=2582"},{"taxonomy":"post_tag","embeddable":true,"href":"https:\/\/zacatlan.gob.mx\/boletines\/wp-json\/wp\/v2\/tags?post=2582"}],"curies":[{"name":"wp","href":"https:\/\/api.w.org\/{rel}","templated":true}]}}