{"id":2573,"date":"2025-09-16T22:10:37","date_gmt":"2025-09-17T04:10:37","guid":{"rendered":"https:\/\/zacatlan.gob.mx\/boletines\/?p=2573"},"modified":"2025-09-17T15:00:49","modified_gmt":"2025-09-17T21:00:49","slug":"estampas-de-identidad-patriotismo-y-orgullo-asi-fue-el-desfile-del-16-de-septiembre-en-zacatlan","status":"publish","type":"post","link":"https:\/\/zacatlan.gob.mx\/boletines\/2025\/09\/16\/estampas-de-identidad-patriotismo-y-orgullo-asi-fue-el-desfile-del-16-de-septiembre-en-zacatlan\/","title":{"rendered":"Estampas de identidad, patriotismo y orgullo: as\u00ed fue el desfile del 16 de septiembre en Zacatl\u00e1n"},"content":{"rendered":"<p>Con la participaci\u00f3n de la Escuela Militarizada Ignacio Zaragoza, adem\u00e1s de mil alumnas, alumnos y docentes, se realiz\u00f3 el desfile c\u00edvico- militar para conmemorar los 215 a\u00f1os del inicio de la Independencia de M\u00e9xico.<\/p>\n<p>A la cabeza de los contingentes estuvo la presienta municipal, Bety S\u00e1nchez quien desfil\u00f3 con las y los regidores, directores, as\u00ed como los coordinadores que integran el Ayuntamiento de Zacatl\u00e1n.<\/p>\n<p>La participaci\u00f3n de la Academia Militarizada Ignacio Zaragoza, tambi\u00e9n hizo que el desfile fuera emotivo, cuyo contingente fue uno de los m\u00e1s aplaudidos por la gente.<\/p>\n<p>De la misma forma, las y los alumnos de las distintas instituciones acad\u00e9micas de Zacatl\u00e1n, desfilaron con el orgullo de ser mexicanas y mexicanos, acompa\u00f1ados por sus bandas de guerra, escoltas, bandas de m\u00fasica y tablas\u00a0r\u00edtmicas.<\/p>\n<p><img loading=\"lazy\" decoding=\"async\" class=\"alignnone size-large wp-image-2574\" src=\"https:\/\/zacatlan.gob.mx\/boletines\/wp-content\/uploads\/2025\/09\/IMG-20250917-WA0091-1024x682.jpg\" alt=\"\" width=\"1024\" height=\"682\" srcset=\"https:\/\/zacatlan.gob.mx\/boletines\/wp-content\/uploads\/2025\/09\/IMG-20250917-WA0091-1024x682.jpg 1024w, https:\/\/zacatlan.gob.mx\/boletines\/wp-content\/uploads\/2025\/09\/IMG-20250917-WA0091-300x200.jpg 300w, https:\/\/zacatlan.gob.mx\/boletines\/wp-content\/uploads\/2025\/09\/IMG-20250917-WA0091-768x512.jpg 768w, https:\/\/zacatlan.gob.mx\/boletines\/wp-content\/uploads\/2025\/09\/IMG-20250917-WA0091-1536x1024.jpg 1536w, https:\/\/zacatlan.gob.mx\/boletines\/wp-content\/uploads\/2025\/09\/IMG-20250917-WA0091-585x390.jpg 585w, https:\/\/zacatlan.gob.mx\/boletines\/wp-content\/uploads\/2025\/09\/IMG-20250917-WA0091.jpg 2000w\" sizes=\"auto, (max-width: 1024px) 100vw, 1024px\" \/> <img loading=\"lazy\" decoding=\"async\" class=\"alignnone size-large wp-image-2576\" src=\"https:\/\/zacatlan.gob.mx\/boletines\/wp-content\/uploads\/2025\/09\/IMG-20250917-WA0094-1024x682.jpg\" alt=\"\" width=\"1024\" height=\"682\" srcset=\"https:\/\/zacatlan.gob.mx\/boletines\/wp-content\/uploads\/2025\/09\/IMG-20250917-WA0094-1024x682.jpg 1024w, https:\/\/zacatlan.gob.mx\/boletines\/wp-content\/uploads\/2025\/09\/IMG-20250917-WA0094-300x200.jpg 300w, https:\/\/zacatlan.gob.mx\/boletines\/wp-content\/uploads\/2025\/09\/IMG-20250917-WA0094-768x512.jpg 768w, https:\/\/zacatlan.gob.mx\/boletines\/wp-content\/uploads\/2025\/09\/IMG-20250917-WA0094-1536x1024.jpg 1536w, https:\/\/zacatlan.gob.mx\/boletines\/wp-content\/uploads\/2025\/09\/IMG-20250917-WA0094-585x390.jpg 585w, https:\/\/zacatlan.gob.mx\/boletines\/wp-content\/uploads\/2025\/09\/IMG-20250917-WA0094.jpg 2000w\" sizes=\"auto, (max-width: 1024px) 100vw, 1024px\" \/> <img loading=\"lazy\" decoding=\"async\" class=\"alignnone size-large wp-image-2577\" src=\"https:\/\/zacatlan.gob.mx\/boletines\/wp-content\/uploads\/2025\/09\/IMG-20250917-WA0095-1024x682.jpg\" alt=\"\" width=\"1024\" height=\"682\" srcset=\"https:\/\/zacatlan.gob.mx\/boletines\/wp-content\/uploads\/2025\/09\/IMG-20250917-WA0095-1024x682.jpg 1024w, https:\/\/zacatlan.gob.mx\/boletines\/wp-content\/uploads\/2025\/09\/IMG-20250917-WA0095-300x200.jpg 300w, https:\/\/zacatlan.gob.mx\/boletines\/wp-content\/uploads\/2025\/09\/IMG-20250917-WA0095-768x512.jpg 768w, https:\/\/zacatlan.gob.mx\/boletines\/wp-content\/uploads\/2025\/09\/IMG-20250917-WA0095-1536x1024.jpg 1536w, https:\/\/zacatlan.gob.mx\/boletines\/wp-content\/uploads\/2025\/09\/IMG-20250917-WA0095-585x390.jpg 585w, https:\/\/zacatlan.gob.mx\/boletines\/wp-content\/uploads\/2025\/09\/IMG-20250917-WA0095.jpg 2000w\" sizes=\"auto, (max-width: 1024px) 100vw, 1024px\" \/> <img loading=\"lazy\" decoding=\"async\" class=\"alignnone size-large wp-image-2578\" src=\"https:\/\/zacatlan.gob.mx\/boletines\/wp-content\/uploads\/2025\/09\/IMG-20250917-WA0096-1024x682.jpg\" alt=\"\" width=\"1024\" height=\"682\" srcset=\"https:\/\/zacatlan.gob.mx\/boletines\/wp-content\/uploads\/2025\/09\/IMG-20250917-WA0096-1024x682.jpg 1024w, https:\/\/zacatlan.gob.mx\/boletines\/wp-content\/uploads\/2025\/09\/IMG-20250917-WA0096-300x200.jpg 300w, https:\/\/zacatlan.gob.mx\/boletines\/wp-content\/uploads\/2025\/09\/IMG-20250917-WA0096-768x512.jpg 768w, https:\/\/zacatlan.gob.mx\/boletines\/wp-content\/uploads\/2025\/09\/IMG-20250917-WA0096-1536x1024.jpg 1536w, https:\/\/zacatlan.gob.mx\/boletines\/wp-content\/uploads\/2025\/09\/IMG-20250917-WA0096-585x390.jpg 585w, https:\/\/zacatlan.gob.mx\/boletines\/wp-content\/uploads\/2025\/09\/IMG-20250917-WA0096.jpg 2000w\" sizes=\"auto, (max-width: 1024px) 100vw, 1024px\" \/> <img loading=\"lazy\" decoding=\"async\" class=\"alignnone size-large wp-image-2579\" src=\"https:\/\/zacatlan.gob.mx\/boletines\/wp-content\/uploads\/2025\/09\/IMG-20250917-WA0098-1024x682.jpg\" alt=\"\" width=\"1024\" height=\"682\" srcset=\"https:\/\/zacatlan.gob.mx\/boletines\/wp-content\/uploads\/2025\/09\/IMG-20250917-WA0098-1024x682.jpg 1024w, https:\/\/zacatlan.gob.mx\/boletines\/wp-content\/uploads\/2025\/09\/IMG-20250917-WA0098-300x200.jpg 300w, https:\/\/zacatlan.gob.mx\/boletines\/wp-content\/uploads\/2025\/09\/IMG-20250917-WA0098-768x512.jpg 768w, https:\/\/zacatlan.gob.mx\/boletines\/wp-content\/uploads\/2025\/09\/IMG-20250917-WA0098-1536x1024.jpg 1536w, https:\/\/zacatlan.gob.mx\/boletines\/wp-content\/uploads\/2025\/09\/IMG-20250917-WA0098-585x390.jpg 585w, https:\/\/zacatlan.gob.mx\/boletines\/wp-content\/uploads\/2025\/09\/IMG-20250917-WA0098.jpg 2000w\" sizes=\"auto, (max-width: 1024px) 100vw, 1024px\" \/><\/p>\n","protected":false},"excerpt":{"rendered":"<p>Con la participaci\u00f3n de la Escuela Militarizada Ignacio Zaragoza, adem\u00e1s de mil alumnas, alumnos y docentes, se realiz\u00f3 el desfile c\u00edvico- militar para conmemorar los 215 a\u00f1os del inicio de la Independencia de M\u00e9xico. A la cabeza de los contingentes estuvo la presienta municipal, Bety&#8230;<\/p>\n","protected":false},"author":2,"featured_media":2575,"comment_status":"open","ping_status":"open","sticky":false,"template":"","format":"standard","meta":{"footnotes":""},"categories":[4],"tags":[418,373,417],"class_list":["post-2573","post","type-post","status-publish","format-standard","has-post-thumbnail","hentry","category-boletines","tag-16-de-septiembre","tag-desfile","tag-patriotismo"],"_links":{"self":[{"href":"https:\/\/zacatlan.gob.mx\/boletines\/wp-json\/wp\/v2\/posts\/2573","targetHints":{"allow":["GET"]}}],"collection":[{"href":"https:\/\/zacatlan.gob.mx\/boletines\/wp-json\/wp\/v2\/posts"}],"about":[{"href":"https:\/\/zacatlan.gob.mx\/boletines\/wp-json\/wp\/v2\/types\/post"}],"author":[{"embeddable":true,"href":"https:\/\/zacatlan.gob.mx\/boletines\/wp-json\/wp\/v2\/users\/2"}],"replies":[{"embeddable":true,"href":"https:\/\/zacatlan.gob.mx\/boletines\/wp-json\/wp\/v2\/comments?post=2573"}],"version-history":[{"count":1,"href":"https:\/\/zacatlan.gob.mx\/boletines\/wp-json\/wp\/v2\/posts\/2573\/revisions"}],"predecessor-version":[{"id":2580,"href":"https:\/\/zacatlan.gob.mx\/boletines\/wp-json\/wp\/v2\/posts\/2573\/revisions\/2580"}],"wp:featuredmedia":[{"embeddable":true,"href":"https:\/\/zacatlan.gob.mx\/boletines\/wp-json\/wp\/v2\/media\/2575"}],"wp:attachment":[{"href":"https:\/\/zacatlan.gob.mx\/boletines\/wp-json\/wp\/v2\/media?parent=2573"}],"wp:term":[{"taxonomy":"category","embeddable":true,"href":"https:\/\/zacatlan.gob.mx\/boletines\/wp-json\/wp\/v2\/categories?post=2573"},{"taxonomy":"post_tag","embeddable":true,"href":"https:\/\/zacatlan.gob.mx\/boletines\/wp-json\/wp\/v2\/tags?post=2573"}],"curies":[{"name":"wp","href":"https:\/\/api.w.org\/{rel}","templated":true}]}}