{"id":2490,"date":"2025-09-08T18:46:03","date_gmt":"2025-09-09T00:46:03","guid":{"rendered":"https:\/\/zacatlan.gob.mx\/boletines\/?p=2490"},"modified":"2025-09-17T13:47:54","modified_gmt":"2025-09-17T19:47:54","slug":"arboles-de-nuez-de-castilla-y-de-higo-seran-plantados-en-escuelas-y-areas-verdes-de-zacatlan","status":"publish","type":"post","link":"https:\/\/zacatlan.gob.mx\/boletines\/2025\/09\/08\/arboles-de-nuez-de-castilla-y-de-higo-seran-plantados-en-escuelas-y-areas-verdes-de-zacatlan\/","title":{"rendered":"\u00c1rboles de nuez de Castilla y de Higo ser\u00e1n plantados en escuelas y \u00e1reas verdes de Zacatl\u00e1n"},"content":{"rendered":"<p>* El gobernador Alejandro Armenta don\u00f3 al municipio 10 mil \u00e1rboles de estas especies.<\/p>\n<p>Como parte de las estrategias del Gobierno del Estado a favor del medio ambiente, el gobernador Alejandro Armenta a trav\u00e9s de la Secretar\u00eda de Medio Ambiente y Ordenamiento Territorial, don\u00f3 10 mil \u00e1rboles de nuez de Castilla y de higo al municipio de Zacatl\u00e1n.<\/p>\n<p>La presidenta municipal, Bety S\u00e1nchez agradeci\u00f3 esta donaci\u00f3n por parte del gobernador, e indic\u00f3 que esta sumada a su trabajo para fortalecer la sostenibilidad de la Sierra Norte y en general del Estado.<\/p>\n<p>Estos \u00e1rboles de nuez de Castilla y de higo, ser\u00e1n destinados al programa de arborizaci\u00f3n de espacios p\u00fablicos, as\u00ed como zonas recreativas de las escuelas, contribuyendo al cuidado del medio ambiente, adem\u00e1s del fortalecimiento de \u00e1reas verdes en beneficio de\u00a0la\u00a0poblaci\u00f3n.<\/p>\n<p><img loading=\"lazy\" decoding=\"async\" class=\"alignnone size-large wp-image-2491\" src=\"https:\/\/zacatlan.gob.mx\/boletines\/wp-content\/uploads\/2025\/09\/IMG-20250917-WA0262-1024x577.jpg\" alt=\"\" width=\"1024\" height=\"577\" srcset=\"https:\/\/zacatlan.gob.mx\/boletines\/wp-content\/uploads\/2025\/09\/IMG-20250917-WA0262-1024x577.jpg 1024w, https:\/\/zacatlan.gob.mx\/boletines\/wp-content\/uploads\/2025\/09\/IMG-20250917-WA0262-300x169.jpg 300w, https:\/\/zacatlan.gob.mx\/boletines\/wp-content\/uploads\/2025\/09\/IMG-20250917-WA0262-768x433.jpg 768w, https:\/\/zacatlan.gob.mx\/boletines\/wp-content\/uploads\/2025\/09\/IMG-20250917-WA0262-1536x866.jpg 1536w, https:\/\/zacatlan.gob.mx\/boletines\/wp-content\/uploads\/2025\/09\/IMG-20250917-WA0262-1200x675.jpg 1200w, https:\/\/zacatlan.gob.mx\/boletines\/wp-content\/uploads\/2025\/09\/IMG-20250917-WA0262-585x330.jpg 585w, https:\/\/zacatlan.gob.mx\/boletines\/wp-content\/uploads\/2025\/09\/IMG-20250917-WA0262.jpg 1600w\" sizes=\"auto, (max-width: 1024px) 100vw, 1024px\" \/> <img loading=\"lazy\" decoding=\"async\" class=\"alignnone size-large wp-image-2492\" src=\"https:\/\/zacatlan.gob.mx\/boletines\/wp-content\/uploads\/2025\/09\/IMG-20250917-WA0263-577x1024.jpg\" alt=\"\" width=\"577\" height=\"1024\" srcset=\"https:\/\/zacatlan.gob.mx\/boletines\/wp-content\/uploads\/2025\/09\/IMG-20250917-WA0263-577x1024.jpg 577w, https:\/\/zacatlan.gob.mx\/boletines\/wp-content\/uploads\/2025\/09\/IMG-20250917-WA0263-169x300.jpg 169w, https:\/\/zacatlan.gob.mx\/boletines\/wp-content\/uploads\/2025\/09\/IMG-20250917-WA0263-585x1039.jpg 585w, https:\/\/zacatlan.gob.mx\/boletines\/wp-content\/uploads\/2025\/09\/IMG-20250917-WA0263.jpg 721w\" sizes=\"auto, (max-width: 577px) 100vw, 577px\" \/> <img loading=\"lazy\" decoding=\"async\" class=\"alignnone size-large wp-image-2493\" src=\"https:\/\/zacatlan.gob.mx\/boletines\/wp-content\/uploads\/2025\/09\/IMG-20250917-WA0266-577x1024.jpg\" alt=\"\" width=\"577\" height=\"1024\" srcset=\"https:\/\/zacatlan.gob.mx\/boletines\/wp-content\/uploads\/2025\/09\/IMG-20250917-WA0266-577x1024.jpg 577w, https:\/\/zacatlan.gob.mx\/boletines\/wp-content\/uploads\/2025\/09\/IMG-20250917-WA0266-169x300.jpg 169w, https:\/\/zacatlan.gob.mx\/boletines\/wp-content\/uploads\/2025\/09\/IMG-20250917-WA0266-585x1039.jpg 585w, https:\/\/zacatlan.gob.mx\/boletines\/wp-content\/uploads\/2025\/09\/IMG-20250917-WA0266.jpg 721w\" sizes=\"auto, (max-width: 577px) 100vw, 577px\" \/><\/p>\n","protected":false},"excerpt":{"rendered":"<p>* El gobernador Alejandro Armenta don\u00f3 al municipio 10 mil \u00e1rboles de estas especies. Como parte de las estrategias del Gobierno del Estado a favor del medio ambiente, el gobernador Alejandro Armenta a trav\u00e9s de la Secretar\u00eda de Medio Ambiente y Ordenamiento Territorial, don\u00f3 10&#8230;<\/p>\n","protected":false},"author":2,"featured_media":2494,"comment_status":"open","ping_status":"open","sticky":false,"template":"","format":"standard","meta":{"footnotes":""},"categories":[4],"tags":[387,404],"class_list":["post-2490","post","type-post","status-publish","format-standard","has-post-thumbnail","hentry","category-boletines","tag-arboles","tag-areas-verdes"],"_links":{"self":[{"href":"https:\/\/zacatlan.gob.mx\/boletines\/wp-json\/wp\/v2\/posts\/2490","targetHints":{"allow":["GET"]}}],"collection":[{"href":"https:\/\/zacatlan.gob.mx\/boletines\/wp-json\/wp\/v2\/posts"}],"about":[{"href":"https:\/\/zacatlan.gob.mx\/boletines\/wp-json\/wp\/v2\/types\/post"}],"author":[{"embeddable":true,"href":"https:\/\/zacatlan.gob.mx\/boletines\/wp-json\/wp\/v2\/users\/2"}],"replies":[{"embeddable":true,"href":"https:\/\/zacatlan.gob.mx\/boletines\/wp-json\/wp\/v2\/comments?post=2490"}],"version-history":[{"count":1,"href":"https:\/\/zacatlan.gob.mx\/boletines\/wp-json\/wp\/v2\/posts\/2490\/revisions"}],"predecessor-version":[{"id":2495,"href":"https:\/\/zacatlan.gob.mx\/boletines\/wp-json\/wp\/v2\/posts\/2490\/revisions\/2495"}],"wp:featuredmedia":[{"embeddable":true,"href":"https:\/\/zacatlan.gob.mx\/boletines\/wp-json\/wp\/v2\/media\/2494"}],"wp:attachment":[{"href":"https:\/\/zacatlan.gob.mx\/boletines\/wp-json\/wp\/v2\/media?parent=2490"}],"wp:term":[{"taxonomy":"category","embeddable":true,"href":"https:\/\/zacatlan.gob.mx\/boletines\/wp-json\/wp\/v2\/categories?post=2490"},{"taxonomy":"post_tag","embeddable":true,"href":"https:\/\/zacatlan.gob.mx\/boletines\/wp-json\/wp\/v2\/tags?post=2490"}],"curies":[{"name":"wp","href":"https:\/\/api.w.org\/{rel}","templated":true}]}}