{"id":2447,"date":"2025-09-04T19:03:51","date_gmt":"2025-09-05T01:03:51","guid":{"rendered":"https:\/\/zacatlan.gob.mx\/boletines\/?p=2447"},"modified":"2025-09-08T11:08:51","modified_gmt":"2025-09-08T17:08:51","slug":"zacatlan-concluye-temporada-de-reforestacion-2025-cumplio-meta-de-320-mil-arboles-plantados","status":"publish","type":"post","link":"https:\/\/zacatlan.gob.mx\/boletines\/2025\/09\/04\/zacatlan-concluye-temporada-de-reforestacion-2025-cumplio-meta-de-320-mil-arboles-plantados\/","title":{"rendered":"Zacatl\u00e1n concluye temporada de reforestaci\u00f3n 2025; cumpli\u00f3 meta de 320 mil \u00e1rboles plantados"},"content":{"rendered":"<p>* La presidenta municipal, Bety S\u00e1nchez entreg\u00f3 un distintivo de Punto Verde al Parque Ecotur\u00edstico de Tulim\u00e1n.<\/p>\n<p>La temporada de reforestaci\u00f3n 2025 concluy\u00f3 con \u00e9xito, ya que el Ayuntamiento de Zacatl\u00e1n lleg\u00f3 a la meta de 320 mil \u00e1rboles plantados en los terrenos con vocaci\u00f3n h\u00eddrica, en todo el municipio. De esta forma el pueblo m\u00e1gico se coloca como un referente estatal y nacional en el cuidado del medio ambiente.<\/p>\n<p>El cierre de esta temporada se hizo en el Parque Ecotur\u00edstico de Tulim\u00e1n, donde se dieron cita los ejidatarios del lugar, asociaciones como el Club Rotarios, as\u00ed como el Club de Leones Manzaneros, ejidatarios de otros puntos del municipio, as\u00ed como personas con predios que tienen vocaci\u00f3n forestal e h\u00eddrica.<\/p>\n<p>Al respecto, la presienta municipal, Bety S\u00e1nchez agradeci\u00f3 a toda la poblaci\u00f3n de Zacatl\u00e1n porque se ha sumado a este esfuerzo, con lo que se esta garantizando vida, esperanza y un mejor futuro a las pr\u00f3ximas generaciones.<\/p>\n<p>Destac\u00f3 que la participaci\u00f3n y la cooperaci\u00f3n de la gente, siempre ser\u00e1 necesaria en el cuidado del medio ambiente, pero dijo que esta temporada de reforestaci\u00f3n fue todo un \u00e9xito gracias a la participaci\u00f3n de todas y todos.<\/p>\n<p>Por su parte, Viviana Aldana quien es directora de Medio Ambiente, destac\u00f3 que durante 3 meses se plantaron \u00e1rboles captadores de agua por todo el pueblo m\u00e1gico, aprovechando la corta temporada de lluvia para permitir la sobrevivencia de estos arbolitos, e indic\u00f3 que Zacatl\u00e1n es referente estatal y nacional en esta estrategia de reforestaci\u00f3n.<\/p>\n<p>Durante este evento, Bety S\u00e1nchez entreg\u00f3 el distintivo de Punto Verde a Tulim\u00e1n por sus buenas pr\u00e1cticas de sostenibilidad y medio ambiente. Tambi\u00e9n felicit\u00f3 al ecoparque porque est\u00e1 incluido en el cat\u00e1logo de experiencias de turismo comunitario de la Secretar\u00eda de Turismo del Gobierno\u00a0Federal.<\/p>\n<p><img loading=\"lazy\" decoding=\"async\" class=\"alignnone size-large wp-image-2448\" src=\"https:\/\/zacatlan.gob.mx\/boletines\/wp-content\/uploads\/2025\/09\/IMG-20250908-WA0098-1024x683.jpg\" alt=\"\" width=\"1024\" height=\"683\" srcset=\"https:\/\/zacatlan.gob.mx\/boletines\/wp-content\/uploads\/2025\/09\/IMG-20250908-WA0098-1024x683.jpg 1024w, https:\/\/zacatlan.gob.mx\/boletines\/wp-content\/uploads\/2025\/09\/IMG-20250908-WA0098-300x200.jpg 300w, https:\/\/zacatlan.gob.mx\/boletines\/wp-content\/uploads\/2025\/09\/IMG-20250908-WA0098-768x512.jpg 768w, https:\/\/zacatlan.gob.mx\/boletines\/wp-content\/uploads\/2025\/09\/IMG-20250908-WA0098-1536x1025.jpg 1536w, https:\/\/zacatlan.gob.mx\/boletines\/wp-content\/uploads\/2025\/09\/IMG-20250908-WA0098-585x390.jpg 585w, https:\/\/zacatlan.gob.mx\/boletines\/wp-content\/uploads\/2025\/09\/IMG-20250908-WA0098.jpg 2000w\" sizes=\"auto, (max-width: 1024px) 100vw, 1024px\" \/> <img loading=\"lazy\" decoding=\"async\" class=\"alignnone size-large wp-image-2449\" src=\"https:\/\/zacatlan.gob.mx\/boletines\/wp-content\/uploads\/2025\/09\/IMG-20250908-WA0099-1024x683.jpg\" alt=\"\" width=\"1024\" height=\"683\" srcset=\"https:\/\/zacatlan.gob.mx\/boletines\/wp-content\/uploads\/2025\/09\/IMG-20250908-WA0099-1024x683.jpg 1024w, https:\/\/zacatlan.gob.mx\/boletines\/wp-content\/uploads\/2025\/09\/IMG-20250908-WA0099-300x200.jpg 300w, https:\/\/zacatlan.gob.mx\/boletines\/wp-content\/uploads\/2025\/09\/IMG-20250908-WA0099-768x512.jpg 768w, https:\/\/zacatlan.gob.mx\/boletines\/wp-content\/uploads\/2025\/09\/IMG-20250908-WA0099-1536x1025.jpg 1536w, https:\/\/zacatlan.gob.mx\/boletines\/wp-content\/uploads\/2025\/09\/IMG-20250908-WA0099-585x390.jpg 585w, https:\/\/zacatlan.gob.mx\/boletines\/wp-content\/uploads\/2025\/09\/IMG-20250908-WA0099.jpg 2000w\" sizes=\"auto, (max-width: 1024px) 100vw, 1024px\" \/> <img loading=\"lazy\" decoding=\"async\" class=\"alignnone size-large wp-image-2450\" src=\"https:\/\/zacatlan.gob.mx\/boletines\/wp-content\/uploads\/2025\/09\/IMG-20250908-WA0100-1024x683.jpg\" alt=\"\" width=\"1024\" height=\"683\" srcset=\"https:\/\/zacatlan.gob.mx\/boletines\/wp-content\/uploads\/2025\/09\/IMG-20250908-WA0100-1024x683.jpg 1024w, https:\/\/zacatlan.gob.mx\/boletines\/wp-content\/uploads\/2025\/09\/IMG-20250908-WA0100-300x200.jpg 300w, https:\/\/zacatlan.gob.mx\/boletines\/wp-content\/uploads\/2025\/09\/IMG-20250908-WA0100-768x512.jpg 768w, https:\/\/zacatlan.gob.mx\/boletines\/wp-content\/uploads\/2025\/09\/IMG-20250908-WA0100-1536x1025.jpg 1536w, https:\/\/zacatlan.gob.mx\/boletines\/wp-content\/uploads\/2025\/09\/IMG-20250908-WA0100-585x390.jpg 585w, https:\/\/zacatlan.gob.mx\/boletines\/wp-content\/uploads\/2025\/09\/IMG-20250908-WA0100.jpg 2000w\" sizes=\"auto, (max-width: 1024px) 100vw, 1024px\" \/> <img loading=\"lazy\" decoding=\"async\" class=\"alignnone size-large wp-image-2452\" src=\"https:\/\/zacatlan.gob.mx\/boletines\/wp-content\/uploads\/2025\/09\/IMG-20250908-WA0102-1024x683.jpg\" alt=\"\" width=\"1024\" height=\"683\" srcset=\"https:\/\/zacatlan.gob.mx\/boletines\/wp-content\/uploads\/2025\/09\/IMG-20250908-WA0102-1024x683.jpg 1024w, https:\/\/zacatlan.gob.mx\/boletines\/wp-content\/uploads\/2025\/09\/IMG-20250908-WA0102-300x200.jpg 300w, https:\/\/zacatlan.gob.mx\/boletines\/wp-content\/uploads\/2025\/09\/IMG-20250908-WA0102-768x512.jpg 768w, https:\/\/zacatlan.gob.mx\/boletines\/wp-content\/uploads\/2025\/09\/IMG-20250908-WA0102-1536x1025.jpg 1536w, https:\/\/zacatlan.gob.mx\/boletines\/wp-content\/uploads\/2025\/09\/IMG-20250908-WA0102-585x390.jpg 585w, https:\/\/zacatlan.gob.mx\/boletines\/wp-content\/uploads\/2025\/09\/IMG-20250908-WA0102.jpg 2000w\" sizes=\"auto, (max-width: 1024px) 100vw, 1024px\" \/> <img loading=\"lazy\" decoding=\"async\" class=\"alignnone size-large wp-image-2453\" src=\"https:\/\/zacatlan.gob.mx\/boletines\/wp-content\/uploads\/2025\/09\/IMG-20250908-WA0103-1024x683.jpg\" alt=\"\" width=\"1024\" height=\"683\" srcset=\"https:\/\/zacatlan.gob.mx\/boletines\/wp-content\/uploads\/2025\/09\/IMG-20250908-WA0103-1024x683.jpg 1024w, https:\/\/zacatlan.gob.mx\/boletines\/wp-content\/uploads\/2025\/09\/IMG-20250908-WA0103-300x200.jpg 300w, https:\/\/zacatlan.gob.mx\/boletines\/wp-content\/uploads\/2025\/09\/IMG-20250908-WA0103-768x512.jpg 768w, https:\/\/zacatlan.gob.mx\/boletines\/wp-content\/uploads\/2025\/09\/IMG-20250908-WA0103-1536x1025.jpg 1536w, https:\/\/zacatlan.gob.mx\/boletines\/wp-content\/uploads\/2025\/09\/IMG-20250908-WA0103-585x390.jpg 585w, https:\/\/zacatlan.gob.mx\/boletines\/wp-content\/uploads\/2025\/09\/IMG-20250908-WA0103.jpg 2000w\" sizes=\"auto, (max-width: 1024px) 100vw, 1024px\" \/> <img loading=\"lazy\" decoding=\"async\" class=\"alignnone size-large wp-image-2454\" src=\"https:\/\/zacatlan.gob.mx\/boletines\/wp-content\/uploads\/2025\/09\/IMG-20250908-WA0104-1024x683.jpg\" alt=\"\" width=\"1024\" height=\"683\" srcset=\"https:\/\/zacatlan.gob.mx\/boletines\/wp-content\/uploads\/2025\/09\/IMG-20250908-WA0104-1024x683.jpg 1024w, https:\/\/zacatlan.gob.mx\/boletines\/wp-content\/uploads\/2025\/09\/IMG-20250908-WA0104-300x200.jpg 300w, https:\/\/zacatlan.gob.mx\/boletines\/wp-content\/uploads\/2025\/09\/IMG-20250908-WA0104-768x512.jpg 768w, https:\/\/zacatlan.gob.mx\/boletines\/wp-content\/uploads\/2025\/09\/IMG-20250908-WA0104-1536x1025.jpg 1536w, https:\/\/zacatlan.gob.mx\/boletines\/wp-content\/uploads\/2025\/09\/IMG-20250908-WA0104-585x390.jpg 585w, https:\/\/zacatlan.gob.mx\/boletines\/wp-content\/uploads\/2025\/09\/IMG-20250908-WA0104.jpg 2000w\" sizes=\"auto, (max-width: 1024px) 100vw, 1024px\" \/> <img loading=\"lazy\" decoding=\"async\" class=\"alignnone size-large wp-image-2455\" src=\"https:\/\/zacatlan.gob.mx\/boletines\/wp-content\/uploads\/2025\/09\/IMG-20250908-WA0105-1024x683.jpg\" alt=\"\" width=\"1024\" height=\"683\" srcset=\"https:\/\/zacatlan.gob.mx\/boletines\/wp-content\/uploads\/2025\/09\/IMG-20250908-WA0105-1024x683.jpg 1024w, https:\/\/zacatlan.gob.mx\/boletines\/wp-content\/uploads\/2025\/09\/IMG-20250908-WA0105-300x200.jpg 300w, https:\/\/zacatlan.gob.mx\/boletines\/wp-content\/uploads\/2025\/09\/IMG-20250908-WA0105-768x512.jpg 768w, https:\/\/zacatlan.gob.mx\/boletines\/wp-content\/uploads\/2025\/09\/IMG-20250908-WA0105-1536x1025.jpg 1536w, https:\/\/zacatlan.gob.mx\/boletines\/wp-content\/uploads\/2025\/09\/IMG-20250908-WA0105-585x390.jpg 585w, https:\/\/zacatlan.gob.mx\/boletines\/wp-content\/uploads\/2025\/09\/IMG-20250908-WA0105.jpg 2000w\" sizes=\"auto, (max-width: 1024px) 100vw, 1024px\" \/><\/p>\n","protected":false},"excerpt":{"rendered":"<p>* La presidenta municipal, Bety S\u00e1nchez entreg\u00f3 un distintivo de Punto Verde al Parque Ecotur\u00edstico de Tulim\u00e1n. La temporada de reforestaci\u00f3n 2025 concluy\u00f3 con \u00e9xito, ya que el Ayuntamiento de Zacatl\u00e1n lleg\u00f3 a la meta de 320 mil \u00e1rboles plantados en los terrenos con vocaci\u00f3n&#8230;<\/p>\n","protected":false},"author":2,"featured_media":2451,"comment_status":"open","ping_status":"open","sticky":false,"template":"","format":"standard","meta":{"footnotes":""},"categories":[4],"tags":[387,225],"class_list":["post-2447","post","type-post","status-publish","format-standard","has-post-thumbnail","hentry","category-boletines","tag-arboles","tag-reforestacion"],"_links":{"self":[{"href":"https:\/\/zacatlan.gob.mx\/boletines\/wp-json\/wp\/v2\/posts\/2447","targetHints":{"allow":["GET"]}}],"collection":[{"href":"https:\/\/zacatlan.gob.mx\/boletines\/wp-json\/wp\/v2\/posts"}],"about":[{"href":"https:\/\/zacatlan.gob.mx\/boletines\/wp-json\/wp\/v2\/types\/post"}],"author":[{"embeddable":true,"href":"https:\/\/zacatlan.gob.mx\/boletines\/wp-json\/wp\/v2\/users\/2"}],"replies":[{"embeddable":true,"href":"https:\/\/zacatlan.gob.mx\/boletines\/wp-json\/wp\/v2\/comments?post=2447"}],"version-history":[{"count":1,"href":"https:\/\/zacatlan.gob.mx\/boletines\/wp-json\/wp\/v2\/posts\/2447\/revisions"}],"predecessor-version":[{"id":2456,"href":"https:\/\/zacatlan.gob.mx\/boletines\/wp-json\/wp\/v2\/posts\/2447\/revisions\/2456"}],"wp:featuredmedia":[{"embeddable":true,"href":"https:\/\/zacatlan.gob.mx\/boletines\/wp-json\/wp\/v2\/media\/2451"}],"wp:attachment":[{"href":"https:\/\/zacatlan.gob.mx\/boletines\/wp-json\/wp\/v2\/media?parent=2447"}],"wp:term":[{"taxonomy":"category","embeddable":true,"href":"https:\/\/zacatlan.gob.mx\/boletines\/wp-json\/wp\/v2\/categories?post=2447"},{"taxonomy":"post_tag","embeddable":true,"href":"https:\/\/zacatlan.gob.mx\/boletines\/wp-json\/wp\/v2\/tags?post=2447"}],"curies":[{"name":"wp","href":"https:\/\/api.w.org\/{rel}","templated":true}]}}