{"id":2288,"date":"2025-08-17T19:03:30","date_gmt":"2025-08-18T01:03:30","guid":{"rendered":"https:\/\/zacatlan.gob.mx\/boletines\/?p=2288"},"modified":"2025-08-19T13:05:33","modified_gmt":"2025-08-19T19:05:33","slug":"marca-registrada-cumple-todo-zacatlan-canto-sus-exitos-en-la-83-gran-feria-de-la-manzana","status":"publish","type":"post","link":"https:\/\/zacatlan.gob.mx\/boletines\/2025\/08\/17\/marca-registrada-cumple-todo-zacatlan-canto-sus-exitos-en-la-83-gran-feria-de-la-manzana\/","title":{"rendered":"Marca Registrada cumple: todo Zacatl\u00e1n cant\u00f3 sus \u00e9xitos en la 83 Gran Feria de la Manzana"},"content":{"rendered":"<p>* M\u00e1s de 10 mil personas llegaron al Recinto Ferial para disfrutar del grupo.<\/p>\n<p>M\u00e1s de 300 personas se quedaron afuera del Recinto Ferial.<\/p>\n<p>Eran las 12 de la noche \u201c\u00a1Mam\u00e1, mam\u00e1, ya salieron, ya se escuchan!\u201d, gritaba ansiosamente un ni\u00f1o de 12 a\u00f1os aproximadamente mientras jalaba a su mam\u00e1 para que buscara una soluci\u00f3n.<\/p>\n<p>\u201c\u00bfPor aqu\u00ed se puede entrar a la feria? \u00bfCu\u00e1l es la entrada a la feria? \u00bfD\u00f3nde puedo encontrar boletos?\u201d, preguntaba impaciente la se\u00f1ora que sosten\u00eda un cantarito con cerveza, para darle soluci\u00f3n a la ansiedad de su hijo.<\/p>\n<p>Adentro, el bullicio ya era de m\u00e1s de 10 mil personas coreando las canciones de Marca Registrada, el grupo estelar para la 83 Gran Feria de la Manzana. Nadie se pod\u00eda mover, nadie pod\u00eda respirar, eran tantas las personas que generaron un gran calor que hasta hizo sudar el domo que los cubr\u00eda por alguna inclemencia del tiempo.<\/p>\n<p>Las m\u00e1s bailadoras tuvieron que improvisar para bailar solo en su espacio, sin poder mover si quiera la cadera de izquierda a derecha, los caballeros tuvieron que quitarse la chamarra ante tremendo calor y cientos de personas se quedaron atrapadas en la marabunta cuando intentaban ir al ba\u00f1o.<\/p>\n<p>Marca Registrada le cumpli\u00f3 al pueblo de Zacatl\u00e1n, cantando sus mayores \u00e9xitos como \u201cEl Rescate\u201d, \u201cSi fuera f\u00e1cil\u201d, \u201cDi que s\u00ed\u201d, \u201cAluc\u00edn\u201d, entre otros.<\/p>\n<p>Ni\u00f1as y ni\u00f1os en los hombros de sus pap\u00e1s, novios haci\u00e9ndose una sola persona, los grupos de amigos tom\u00e1ndose m\u00e1s confianza, todos ocupados en caber, pas\u00e1rsela bien y corear las canciones de este grupo que por una noche puso a Zacatl\u00e1n\u00a0a\u00a0reventar.<\/p>\n<p><img loading=\"lazy\" decoding=\"async\" class=\"alignnone size-large wp-image-2289\" src=\"https:\/\/zacatlan.gob.mx\/boletines\/wp-content\/uploads\/2025\/08\/IMG-20250818-WA0339-1024x682.jpg\" alt=\"\" width=\"1024\" height=\"682\" srcset=\"https:\/\/zacatlan.gob.mx\/boletines\/wp-content\/uploads\/2025\/08\/IMG-20250818-WA0339-1024x682.jpg 1024w, https:\/\/zacatlan.gob.mx\/boletines\/wp-content\/uploads\/2025\/08\/IMG-20250818-WA0339-300x200.jpg 300w, https:\/\/zacatlan.gob.mx\/boletines\/wp-content\/uploads\/2025\/08\/IMG-20250818-WA0339-768x512.jpg 768w, https:\/\/zacatlan.gob.mx\/boletines\/wp-content\/uploads\/2025\/08\/IMG-20250818-WA0339-1536x1023.jpg 1536w, https:\/\/zacatlan.gob.mx\/boletines\/wp-content\/uploads\/2025\/08\/IMG-20250818-WA0339-585x390.jpg 585w, https:\/\/zacatlan.gob.mx\/boletines\/wp-content\/uploads\/2025\/08\/IMG-20250818-WA0339.jpg 1600w\" sizes=\"auto, (max-width: 1024px) 100vw, 1024px\" \/> <img loading=\"lazy\" decoding=\"async\" class=\"alignnone size-large wp-image-2290\" src=\"https:\/\/zacatlan.gob.mx\/boletines\/wp-content\/uploads\/2025\/08\/IMG-20250818-WA0340-1024x682.jpg\" alt=\"\" width=\"1024\" height=\"682\" srcset=\"https:\/\/zacatlan.gob.mx\/boletines\/wp-content\/uploads\/2025\/08\/IMG-20250818-WA0340-1024x682.jpg 1024w, https:\/\/zacatlan.gob.mx\/boletines\/wp-content\/uploads\/2025\/08\/IMG-20250818-WA0340-300x200.jpg 300w, https:\/\/zacatlan.gob.mx\/boletines\/wp-content\/uploads\/2025\/08\/IMG-20250818-WA0340-768x512.jpg 768w, https:\/\/zacatlan.gob.mx\/boletines\/wp-content\/uploads\/2025\/08\/IMG-20250818-WA0340-1536x1023.jpg 1536w, https:\/\/zacatlan.gob.mx\/boletines\/wp-content\/uploads\/2025\/08\/IMG-20250818-WA0340-585x390.jpg 585w, https:\/\/zacatlan.gob.mx\/boletines\/wp-content\/uploads\/2025\/08\/IMG-20250818-WA0340.jpg 1600w\" sizes=\"auto, (max-width: 1024px) 100vw, 1024px\" \/> <img loading=\"lazy\" decoding=\"async\" class=\"alignnone size-large wp-image-2291\" src=\"https:\/\/zacatlan.gob.mx\/boletines\/wp-content\/uploads\/2025\/08\/IMG-20250818-WA0341-1024x682.jpg\" alt=\"\" width=\"1024\" height=\"682\" srcset=\"https:\/\/zacatlan.gob.mx\/boletines\/wp-content\/uploads\/2025\/08\/IMG-20250818-WA0341-1024x682.jpg 1024w, https:\/\/zacatlan.gob.mx\/boletines\/wp-content\/uploads\/2025\/08\/IMG-20250818-WA0341-300x200.jpg 300w, https:\/\/zacatlan.gob.mx\/boletines\/wp-content\/uploads\/2025\/08\/IMG-20250818-WA0341-768x512.jpg 768w, https:\/\/zacatlan.gob.mx\/boletines\/wp-content\/uploads\/2025\/08\/IMG-20250818-WA0341-1536x1023.jpg 1536w, https:\/\/zacatlan.gob.mx\/boletines\/wp-content\/uploads\/2025\/08\/IMG-20250818-WA0341-585x390.jpg 585w, https:\/\/zacatlan.gob.mx\/boletines\/wp-content\/uploads\/2025\/08\/IMG-20250818-WA0341.jpg 1600w\" sizes=\"auto, (max-width: 1024px) 100vw, 1024px\" \/> <img loading=\"lazy\" decoding=\"async\" class=\"alignnone size-large wp-image-2292\" src=\"https:\/\/zacatlan.gob.mx\/boletines\/wp-content\/uploads\/2025\/08\/IMG-20250818-WA0336-1024x682.jpg\" alt=\"\" width=\"1024\" height=\"682\" srcset=\"https:\/\/zacatlan.gob.mx\/boletines\/wp-content\/uploads\/2025\/08\/IMG-20250818-WA0336-1024x682.jpg 1024w, https:\/\/zacatlan.gob.mx\/boletines\/wp-content\/uploads\/2025\/08\/IMG-20250818-WA0336-300x200.jpg 300w, https:\/\/zacatlan.gob.mx\/boletines\/wp-content\/uploads\/2025\/08\/IMG-20250818-WA0336-768x512.jpg 768w, https:\/\/zacatlan.gob.mx\/boletines\/wp-content\/uploads\/2025\/08\/IMG-20250818-WA0336-1536x1023.jpg 1536w, https:\/\/zacatlan.gob.mx\/boletines\/wp-content\/uploads\/2025\/08\/IMG-20250818-WA0336-585x390.jpg 585w, https:\/\/zacatlan.gob.mx\/boletines\/wp-content\/uploads\/2025\/08\/IMG-20250818-WA0336.jpg 1600w\" sizes=\"auto, (max-width: 1024px) 100vw, 1024px\" \/> <img loading=\"lazy\" decoding=\"async\" class=\"alignnone size-large wp-image-2294\" src=\"https:\/\/zacatlan.gob.mx\/boletines\/wp-content\/uploads\/2025\/08\/IMG-20250818-WA0338-1024x682.jpg\" alt=\"\" width=\"1024\" height=\"682\" srcset=\"https:\/\/zacatlan.gob.mx\/boletines\/wp-content\/uploads\/2025\/08\/IMG-20250818-WA0338-1024x682.jpg 1024w, https:\/\/zacatlan.gob.mx\/boletines\/wp-content\/uploads\/2025\/08\/IMG-20250818-WA0338-300x200.jpg 300w, https:\/\/zacatlan.gob.mx\/boletines\/wp-content\/uploads\/2025\/08\/IMG-20250818-WA0338-768x512.jpg 768w, https:\/\/zacatlan.gob.mx\/boletines\/wp-content\/uploads\/2025\/08\/IMG-20250818-WA0338-1536x1023.jpg 1536w, https:\/\/zacatlan.gob.mx\/boletines\/wp-content\/uploads\/2025\/08\/IMG-20250818-WA0338-585x390.jpg 585w, https:\/\/zacatlan.gob.mx\/boletines\/wp-content\/uploads\/2025\/08\/IMG-20250818-WA0338.jpg 1600w\" sizes=\"auto, (max-width: 1024px) 100vw, 1024px\" \/><\/p>\n","protected":false},"excerpt":{"rendered":"<p>* M\u00e1s de 10 mil personas llegaron al Recinto Ferial para disfrutar del grupo. M\u00e1s de 300 personas se quedaron afuera del Recinto Ferial. Eran las 12 de la noche \u201c\u00a1Mam\u00e1, mam\u00e1, ya salieron, ya se escuchan!\u201d, gritaba ansiosamente un ni\u00f1o de 12 a\u00f1os aproximadamente&#8230;<\/p>\n","protected":false},"author":2,"featured_media":2293,"comment_status":"open","ping_status":"open","sticky":false,"template":"","format":"standard","meta":{"footnotes":""},"categories":[4],"tags":[374,375],"class_list":["post-2288","post","type-post","status-publish","format-standard","has-post-thumbnail","hentry","category-boletines","tag-gran-feria-de-la-manzana","tag-marca-registrada"],"_links":{"self":[{"href":"https:\/\/zacatlan.gob.mx\/boletines\/wp-json\/wp\/v2\/posts\/2288","targetHints":{"allow":["GET"]}}],"collection":[{"href":"https:\/\/zacatlan.gob.mx\/boletines\/wp-json\/wp\/v2\/posts"}],"about":[{"href":"https:\/\/zacatlan.gob.mx\/boletines\/wp-json\/wp\/v2\/types\/post"}],"author":[{"embeddable":true,"href":"https:\/\/zacatlan.gob.mx\/boletines\/wp-json\/wp\/v2\/users\/2"}],"replies":[{"embeddable":true,"href":"https:\/\/zacatlan.gob.mx\/boletines\/wp-json\/wp\/v2\/comments?post=2288"}],"version-history":[{"count":1,"href":"https:\/\/zacatlan.gob.mx\/boletines\/wp-json\/wp\/v2\/posts\/2288\/revisions"}],"predecessor-version":[{"id":2295,"href":"https:\/\/zacatlan.gob.mx\/boletines\/wp-json\/wp\/v2\/posts\/2288\/revisions\/2295"}],"wp:featuredmedia":[{"embeddable":true,"href":"https:\/\/zacatlan.gob.mx\/boletines\/wp-json\/wp\/v2\/media\/2293"}],"wp:attachment":[{"href":"https:\/\/zacatlan.gob.mx\/boletines\/wp-json\/wp\/v2\/media?parent=2288"}],"wp:term":[{"taxonomy":"category","embeddable":true,"href":"https:\/\/zacatlan.gob.mx\/boletines\/wp-json\/wp\/v2\/categories?post=2288"},{"taxonomy":"post_tag","embeddable":true,"href":"https:\/\/zacatlan.gob.mx\/boletines\/wp-json\/wp\/v2\/tags?post=2288"}],"curies":[{"name":"wp","href":"https:\/\/api.w.org\/{rel}","templated":true}]}}