{"id":2200,"date":"2025-08-10T11:56:54","date_gmt":"2025-08-10T17:56:54","guid":{"rendered":"https:\/\/zacatlan.gob.mx\/boletines\/?p=2200"},"modified":"2025-08-19T11:58:56","modified_gmt":"2025-08-19T17:58:56","slug":"sep-federal-respalda-a-bety-sanchez-habra-apoyo-para-zacatlan","status":"publish","type":"post","link":"https:\/\/zacatlan.gob.mx\/boletines\/2025\/08\/10\/sep-federal-respalda-a-bety-sanchez-habra-apoyo-para-zacatlan\/","title":{"rendered":"SEP Federal respalda a Bety S\u00e1nchez; habr\u00e1 apoyo para Zacatl\u00e1n"},"content":{"rendered":"<p>* Eur\u00edpides Flores, titular de la Unidad de Actualizaci\u00f3n Normativa, Legalidad y Regulaci\u00f3n de la SEP hizo una gira por Zacatl\u00e1n con la presienta municipal y Sandra Gonz\u00e1lez de Yta.<\/p>\n<p>El municipio de Zacatl\u00e1n y su presidenta municipal, Bety S\u00e1nchez tienen todo el respaldo de la SEP federal, para beneficio de las y los docentes, as\u00ed como de las instituciones educativas, se\u00f1al\u00f3 Euripides Flores, titular de la Unidad de Actualizaci\u00f3n Normativa, Legalidad y Regulaci\u00f3n de esta dependencia.<\/p>\n<p>El funcionario federal estuvo en Zacatl\u00e1n para realizar un gira de trabajo junto con Bety S\u00e1nchez. En ese sentido, tuvieron un encuentro con directoras y directores de diversas instituciones educativas, as\u00ed como una rueda de prensa.<\/p>\n<p>En su mensaje, Euripides Flores asegur\u00f3 que Bety S\u00e1nchez cuenta con el respaldo de la SEP Federal, e indic\u00f3 que es una importante aliada de la educaci\u00f3n, as\u00ed como del magisterio.<\/p>\n<p>Dijo que est\u00e1 enterado del trabajo que la alcaldesa est\u00e1 realizando a favor de las ni\u00f1as, ni\u00f1os, adolescentes, docentes, padres de familia y en general de las escuelas.<\/p>\n<p>Adem\u00e1s, adelant\u00f3 que habr\u00e1 acompa\u00f1amiento, as\u00ed como apoyo tanto al municipio como al magisterio y la educaci\u00f3n en Zacatl\u00e1n por parte de la SEP Federal, para que contin\u00fae el bienestar en el pueblo m\u00e1gico y la regi\u00f3n.<\/p>\n<p>Por su parte, Bety S\u00e1nchez agradeci\u00f3 a Euripides Flores que mire hacia Zacatl\u00e1n. Dijo que seguir\u00e1 siendo una aliada incondicional de la educaci\u00f3n, para brindar mejores oportunidades a ni\u00f1as, ni\u00f1os y adolescentes.<\/p>\n<p>En esta gira de trabajo, tambi\u00e9n particip\u00f3 Sandra Gonz\u00e1lez de Yta, representante jur\u00eddico de la SEP en el Estado\u00a0de\u00a0Puebla.<\/p>\n<p><img loading=\"lazy\" decoding=\"async\" class=\"alignnone size-large wp-image-2201\" src=\"https:\/\/zacatlan.gob.mx\/boletines\/wp-content\/uploads\/2025\/08\/Imagen-de-WhatsApp-2025-08-10-a-las-11.54.28_68a54957-1024x682.jpg\" alt=\"\" width=\"1024\" height=\"682\" srcset=\"https:\/\/zacatlan.gob.mx\/boletines\/wp-content\/uploads\/2025\/08\/Imagen-de-WhatsApp-2025-08-10-a-las-11.54.28_68a54957-1024x682.jpg 1024w, https:\/\/zacatlan.gob.mx\/boletines\/wp-content\/uploads\/2025\/08\/Imagen-de-WhatsApp-2025-08-10-a-las-11.54.28_68a54957-300x200.jpg 300w, https:\/\/zacatlan.gob.mx\/boletines\/wp-content\/uploads\/2025\/08\/Imagen-de-WhatsApp-2025-08-10-a-las-11.54.28_68a54957-768x512.jpg 768w, https:\/\/zacatlan.gob.mx\/boletines\/wp-content\/uploads\/2025\/08\/Imagen-de-WhatsApp-2025-08-10-a-las-11.54.28_68a54957-1536x1023.jpg 1536w, https:\/\/zacatlan.gob.mx\/boletines\/wp-content\/uploads\/2025\/08\/Imagen-de-WhatsApp-2025-08-10-a-las-11.54.28_68a54957-585x390.jpg 585w, https:\/\/zacatlan.gob.mx\/boletines\/wp-content\/uploads\/2025\/08\/Imagen-de-WhatsApp-2025-08-10-a-las-11.54.28_68a54957.jpg 1600w\" sizes=\"auto, (max-width: 1024px) 100vw, 1024px\" \/> <img loading=\"lazy\" decoding=\"async\" class=\"alignnone size-large wp-image-2203\" src=\"https:\/\/zacatlan.gob.mx\/boletines\/wp-content\/uploads\/2025\/08\/Imagen-de-WhatsApp-2025-08-10-a-las-11.54.30_43103d15-1024x682.jpg\" alt=\"\" width=\"1024\" height=\"682\" srcset=\"https:\/\/zacatlan.gob.mx\/boletines\/wp-content\/uploads\/2025\/08\/Imagen-de-WhatsApp-2025-08-10-a-las-11.54.30_43103d15-1024x682.jpg 1024w, https:\/\/zacatlan.gob.mx\/boletines\/wp-content\/uploads\/2025\/08\/Imagen-de-WhatsApp-2025-08-10-a-las-11.54.30_43103d15-300x200.jpg 300w, https:\/\/zacatlan.gob.mx\/boletines\/wp-content\/uploads\/2025\/08\/Imagen-de-WhatsApp-2025-08-10-a-las-11.54.30_43103d15-768x512.jpg 768w, https:\/\/zacatlan.gob.mx\/boletines\/wp-content\/uploads\/2025\/08\/Imagen-de-WhatsApp-2025-08-10-a-las-11.54.30_43103d15-1536x1023.jpg 1536w, https:\/\/zacatlan.gob.mx\/boletines\/wp-content\/uploads\/2025\/08\/Imagen-de-WhatsApp-2025-08-10-a-las-11.54.30_43103d15-585x390.jpg 585w, https:\/\/zacatlan.gob.mx\/boletines\/wp-content\/uploads\/2025\/08\/Imagen-de-WhatsApp-2025-08-10-a-las-11.54.30_43103d15.jpg 1600w\" sizes=\"auto, (max-width: 1024px) 100vw, 1024px\" \/><\/p>\n","protected":false},"excerpt":{"rendered":"<p>* Eur\u00edpides Flores, titular de la Unidad de Actualizaci\u00f3n Normativa, Legalidad y Regulaci\u00f3n de la SEP hizo una gira por Zacatl\u00e1n con la presienta municipal y Sandra Gonz\u00e1lez de Yta. El municipio de Zacatl\u00e1n y su presidenta municipal, Bety S\u00e1nchez tienen todo el respaldo de&#8230;<\/p>\n","protected":false},"author":2,"featured_media":2202,"comment_status":"open","ping_status":"open","sticky":false,"template":"","format":"standard","meta":{"footnotes":""},"categories":[4],"tags":[362],"class_list":["post-2200","post","type-post","status-publish","format-standard","has-post-thumbnail","hentry","category-boletines","tag-sep"],"_links":{"self":[{"href":"https:\/\/zacatlan.gob.mx\/boletines\/wp-json\/wp\/v2\/posts\/2200","targetHints":{"allow":["GET"]}}],"collection":[{"href":"https:\/\/zacatlan.gob.mx\/boletines\/wp-json\/wp\/v2\/posts"}],"about":[{"href":"https:\/\/zacatlan.gob.mx\/boletines\/wp-json\/wp\/v2\/types\/post"}],"author":[{"embeddable":true,"href":"https:\/\/zacatlan.gob.mx\/boletines\/wp-json\/wp\/v2\/users\/2"}],"replies":[{"embeddable":true,"href":"https:\/\/zacatlan.gob.mx\/boletines\/wp-json\/wp\/v2\/comments?post=2200"}],"version-history":[{"count":1,"href":"https:\/\/zacatlan.gob.mx\/boletines\/wp-json\/wp\/v2\/posts\/2200\/revisions"}],"predecessor-version":[{"id":2204,"href":"https:\/\/zacatlan.gob.mx\/boletines\/wp-json\/wp\/v2\/posts\/2200\/revisions\/2204"}],"wp:featuredmedia":[{"embeddable":true,"href":"https:\/\/zacatlan.gob.mx\/boletines\/wp-json\/wp\/v2\/media\/2202"}],"wp:attachment":[{"href":"https:\/\/zacatlan.gob.mx\/boletines\/wp-json\/wp\/v2\/media?parent=2200"}],"wp:term":[{"taxonomy":"category","embeddable":true,"href":"https:\/\/zacatlan.gob.mx\/boletines\/wp-json\/wp\/v2\/categories?post=2200"},{"taxonomy":"post_tag","embeddable":true,"href":"https:\/\/zacatlan.gob.mx\/boletines\/wp-json\/wp\/v2\/tags?post=2200"}],"curies":[{"name":"wp","href":"https:\/\/api.w.org\/{rel}","templated":true}]}}