{"id":1809,"date":"2025-07-02T19:30:57","date_gmt":"2025-07-03T01:30:57","guid":{"rendered":"https:\/\/zacatlan.gob.mx\/boletines\/?p=1809"},"modified":"2025-07-28T16:52:11","modified_gmt":"2025-07-28T22:52:11","slug":"ibero-puebla-y-zacatlan-firman-convenio-de-colaboracion-trabajaran-en-el-diagnostico-para-centro-de-bienestar-emocional","status":"publish","type":"post","link":"https:\/\/zacatlan.gob.mx\/boletines\/2025\/07\/02\/ibero-puebla-y-zacatlan-firman-convenio-de-colaboracion-trabajaran-en-el-diagnostico-para-centro-de-bienestar-emocional\/","title":{"rendered":"Ibero Puebla y Zacatl\u00e1n firman convenio de colaboraci\u00f3n; trabajar\u00e1n en el diagn\u00f3stico para Centro de Bienestar Emocional"},"content":{"rendered":"<p>* <img loading=\"lazy\" decoding=\"async\" class=\"alignnone size-large wp-image-1810\" src=\"https:\/\/zacatlan.gob.mx\/boletines\/wp-content\/uploads\/2025\/07\/IMG-20250728-WA0543-1024x682.jpg\" alt=\"\" width=\"1024\" height=\"682\" srcset=\"https:\/\/zacatlan.gob.mx\/boletines\/wp-content\/uploads\/2025\/07\/IMG-20250728-WA0543-1024x682.jpg 1024w, https:\/\/zacatlan.gob.mx\/boletines\/wp-content\/uploads\/2025\/07\/IMG-20250728-WA0543-300x200.jpg 300w, https:\/\/zacatlan.gob.mx\/boletines\/wp-content\/uploads\/2025\/07\/IMG-20250728-WA0543-768x512.jpg 768w, https:\/\/zacatlan.gob.mx\/boletines\/wp-content\/uploads\/2025\/07\/IMG-20250728-WA0543-1536x1023.jpg 1536w, https:\/\/zacatlan.gob.mx\/boletines\/wp-content\/uploads\/2025\/07\/IMG-20250728-WA0543-585x390.jpg 585w, https:\/\/zacatlan.gob.mx\/boletines\/wp-content\/uploads\/2025\/07\/IMG-20250728-WA0543.jpg 1600w\" sizes=\"auto, (max-width: 1024px) 100vw, 1024px\" \/> <img loading=\"lazy\" decoding=\"async\" class=\"alignnone size-large wp-image-1811\" src=\"https:\/\/zacatlan.gob.mx\/boletines\/wp-content\/uploads\/2025\/07\/IMG-20250728-WA0545-1024x682.jpg\" alt=\"\" width=\"1024\" height=\"682\" srcset=\"https:\/\/zacatlan.gob.mx\/boletines\/wp-content\/uploads\/2025\/07\/IMG-20250728-WA0545-1024x682.jpg 1024w, https:\/\/zacatlan.gob.mx\/boletines\/wp-content\/uploads\/2025\/07\/IMG-20250728-WA0545-300x200.jpg 300w, https:\/\/zacatlan.gob.mx\/boletines\/wp-content\/uploads\/2025\/07\/IMG-20250728-WA0545-768x512.jpg 768w, https:\/\/zacatlan.gob.mx\/boletines\/wp-content\/uploads\/2025\/07\/IMG-20250728-WA0545-1536x1023.jpg 1536w, https:\/\/zacatlan.gob.mx\/boletines\/wp-content\/uploads\/2025\/07\/IMG-20250728-WA0545-585x390.jpg 585w, https:\/\/zacatlan.gob.mx\/boletines\/wp-content\/uploads\/2025\/07\/IMG-20250728-WA0545.jpg 1600w\" sizes=\"auto, (max-width: 1024px) 100vw, 1024px\" \/> <img loading=\"lazy\" decoding=\"async\" class=\"alignnone size-large wp-image-1812\" src=\"https:\/\/zacatlan.gob.mx\/boletines\/wp-content\/uploads\/2025\/07\/IMG-20250728-WA0546-1024x682.jpg\" alt=\"\" width=\"1024\" height=\"682\" srcset=\"https:\/\/zacatlan.gob.mx\/boletines\/wp-content\/uploads\/2025\/07\/IMG-20250728-WA0546-1024x682.jpg 1024w, https:\/\/zacatlan.gob.mx\/boletines\/wp-content\/uploads\/2025\/07\/IMG-20250728-WA0546-300x200.jpg 300w, https:\/\/zacatlan.gob.mx\/boletines\/wp-content\/uploads\/2025\/07\/IMG-20250728-WA0546-768x512.jpg 768w, https:\/\/zacatlan.gob.mx\/boletines\/wp-content\/uploads\/2025\/07\/IMG-20250728-WA0546-1536x1023.jpg 1536w, https:\/\/zacatlan.gob.mx\/boletines\/wp-content\/uploads\/2025\/07\/IMG-20250728-WA0546-585x390.jpg 585w, https:\/\/zacatlan.gob.mx\/boletines\/wp-content\/uploads\/2025\/07\/IMG-20250728-WA0546.jpg 1600w\" sizes=\"auto, (max-width: 1024px) 100vw, 1024px\" \/> <img loading=\"lazy\" decoding=\"async\" class=\"alignnone size-large wp-image-1813\" src=\"https:\/\/zacatlan.gob.mx\/boletines\/wp-content\/uploads\/2025\/07\/IMG-20250728-WA0544-1024x682.jpg\" alt=\"\" width=\"1024\" height=\"682\" srcset=\"https:\/\/zacatlan.gob.mx\/boletines\/wp-content\/uploads\/2025\/07\/IMG-20250728-WA0544-1024x682.jpg 1024w, https:\/\/zacatlan.gob.mx\/boletines\/wp-content\/uploads\/2025\/07\/IMG-20250728-WA0544-300x200.jpg 300w, https:\/\/zacatlan.gob.mx\/boletines\/wp-content\/uploads\/2025\/07\/IMG-20250728-WA0544-768x512.jpg 768w, https:\/\/zacatlan.gob.mx\/boletines\/wp-content\/uploads\/2025\/07\/IMG-20250728-WA0544-1536x1023.jpg 1536w, https:\/\/zacatlan.gob.mx\/boletines\/wp-content\/uploads\/2025\/07\/IMG-20250728-WA0544-585x390.jpg 585w, https:\/\/zacatlan.gob.mx\/boletines\/wp-content\/uploads\/2025\/07\/IMG-20250728-WA0544.jpg 1600w\" sizes=\"auto, (max-width: 1024px) 100vw, 1024px\" \/><\/p>\n<p>La presidenta municipal de Zacatl\u00e1n, Bety S\u00e1nchez y el rector de la Universidad Iberoamericana Puebla, Mario Ernesto Patr\u00f3n S\u00e1nchez, firmaron un convenio de colaboraci\u00f3n para que estudiantes realicen servicio social, pr\u00e1cticas sociales, proyectos de investigaci\u00f3n, entre otras cosas en Zacatl\u00e1n.<\/p>\n<p>Este d\u00eda, la presidenta municipal de Zacatl\u00e1n estuvo en la Universidad Iberoamericana Puebla acompa\u00f1ada del s\u00edndico municipal, Juan Carlos Lastiri Yamal para firmar este convenio. Por parte de la la Universidad Iberoamericana, estuvieron el rector Mario Ernesto Patr\u00f3n; Lilia V\u00e9lez Iglesias, directora General Acad\u00e9mica; Aurora Berlanga \u00c1lvarez, directora General de Vinculaci\u00f3n.<\/p>\n<p>En este convenio, tambi\u00e9n se incluye el diagn\u00f3stico para la creaci\u00f3n del Centro de Bienestar y Salud Emocional de Zacatl\u00e1n, el cual se realizar\u00e1 bajo el liderazgo de un grupo de acad\u00e9micos de esta universidad.<\/p>\n<p>En su mensaje, Bety S\u00e1nchez mencion\u00f3 que con este instrumento jur\u00eddico podr\u00e1 dar cumplimiento a una de sus propuestas de campa\u00f1a, resaltando que la salud en todas sus dimensiones es una necesidad en la sociedad.<\/p>\n<p>Asimismo, se\u00f1al\u00f3 que es importante el v\u00ednculo entre las universidades y los gobiernos, ya que deben de trabajar de la mano para impulsar proyectos que promuevan el desarrollo de la sociedad.<\/p>\n<p>\u201cQuiero decirles que este centro es una de mis propuestas de campa\u00f1a, estoy convencida de que es algo que requiere la gente para estar bien, para que pueda desarrollarse y tener estabilidad\u201d, dijo.<\/p>\n<p>Por su parte, el rector de la Universidad Iberoamericana Puebla, Mario Ernesto Patr\u00f3n, agradeci\u00f3 al municipio de Zacatl\u00e1n y a la presidenta Bety S\u00e1nchez por generar este v\u00ednculo, adem\u00e1s de promover la participaci\u00f3n de las instituciones acad\u00e9micas en el progreso del municipio.<\/p>\n<p>Precis\u00f3 que las universidades son agentes de cambio y se dijo contento de trabajar de la mano con el Ayuntamiento de Zacatl\u00e1n, ya que las y los alumnos podr\u00e1n tener un acercamiento al campo laboral, adem\u00e1s de implementar proyectos que contribuir\u00e1n\u00a0a\u00a0la\u00a0sociedad.<\/p>\n","protected":false},"excerpt":{"rendered":"<p>* La presidenta municipal de Zacatl\u00e1n, Bety S\u00e1nchez y el rector de la Universidad Iberoamericana Puebla, Mario Ernesto Patr\u00f3n S\u00e1nchez, firmaron un convenio de colaboraci\u00f3n para que estudiantes realicen servicio social, pr\u00e1cticas sociales, proyectos de investigaci\u00f3n, entre otras cosas en Zacatl\u00e1n. Este d\u00eda, la presidenta&#8230;<\/p>\n","protected":false},"author":2,"featured_media":1814,"comment_status":"open","ping_status":"open","sticky":false,"template":"","format":"standard","meta":{"footnotes":""},"categories":[4],"tags":[],"class_list":["post-1809","post","type-post","status-publish","format-standard","has-post-thumbnail","hentry","category-boletines"],"_links":{"self":[{"href":"https:\/\/zacatlan.gob.mx\/boletines\/wp-json\/wp\/v2\/posts\/1809","targetHints":{"allow":["GET"]}}],"collection":[{"href":"https:\/\/zacatlan.gob.mx\/boletines\/wp-json\/wp\/v2\/posts"}],"about":[{"href":"https:\/\/zacatlan.gob.mx\/boletines\/wp-json\/wp\/v2\/types\/post"}],"author":[{"embeddable":true,"href":"https:\/\/zacatlan.gob.mx\/boletines\/wp-json\/wp\/v2\/users\/2"}],"replies":[{"embeddable":true,"href":"https:\/\/zacatlan.gob.mx\/boletines\/wp-json\/wp\/v2\/comments?post=1809"}],"version-history":[{"count":1,"href":"https:\/\/zacatlan.gob.mx\/boletines\/wp-json\/wp\/v2\/posts\/1809\/revisions"}],"predecessor-version":[{"id":1815,"href":"https:\/\/zacatlan.gob.mx\/boletines\/wp-json\/wp\/v2\/posts\/1809\/revisions\/1815"}],"wp:featuredmedia":[{"embeddable":true,"href":"https:\/\/zacatlan.gob.mx\/boletines\/wp-json\/wp\/v2\/media\/1814"}],"wp:attachment":[{"href":"https:\/\/zacatlan.gob.mx\/boletines\/wp-json\/wp\/v2\/media?parent=1809"}],"wp:term":[{"taxonomy":"category","embeddable":true,"href":"https:\/\/zacatlan.gob.mx\/boletines\/wp-json\/wp\/v2\/categories?post=1809"},{"taxonomy":"post_tag","embeddable":true,"href":"https:\/\/zacatlan.gob.mx\/boletines\/wp-json\/wp\/v2\/tags?post=1809"}],"curies":[{"name":"wp","href":"https:\/\/api.w.org\/{rel}","templated":true}]}}