{"id":1739,"date":"2025-06-24T18:18:46","date_gmt":"2025-06-25T00:18:46","guid":{"rendered":"https:\/\/zacatlan.gob.mx\/boletines\/?p=1739"},"modified":"2025-06-25T12:21:06","modified_gmt":"2025-06-25T18:21:06","slug":"bety-sanchez-impulsa-reactivacion-economica-del-mercado-revolucion","status":"publish","type":"post","link":"https:\/\/zacatlan.gob.mx\/boletines\/2025\/06\/24\/bety-sanchez-impulsa-reactivacion-economica-del-mercado-revolucion\/","title":{"rendered":"Bety S\u00e1nchez impulsa reactivaci\u00f3n econ\u00f3mica del Mercado Revoluci\u00f3n"},"content":{"rendered":"<p>* La presidenta municipal de Zacatl\u00e1n lanz\u00f3 en esta central de abasto el segmento \u201cUn caf\u00e9 con Bety\u201d.<\/p>\n<p>La presidenta municipal de Zacatl\u00e1n, Bety S\u00e1nchez visit\u00f3 el Mercado Revoluci\u00f3n, para impulsar la reactivaci\u00f3n econ\u00f3mica de este importante centro de abasto a fin de que contin\u00fae como un s\u00edmbolo de las tradiciones y costumbres de la ciudadan\u00eda.<\/p>\n<p>Este martes, la presidenta municipal acudi\u00f3 al Mercado Revoluci\u00f3n donde lanz\u00f3 el segmento \u201cUn caf\u00e9 con Bety\u201d para tener un di\u00e1logo directo con los medios de comunicaci\u00f3n, e informar a la ciudadan\u00eda sobre las acciones de gobierno.<\/p>\n<p>En este espacio, Bety S\u00e1nchez estuvo acompa\u00f1ada por el secretario del Ayuntamiento, Miguel Cruz Escamilla; el director de Gobernaci\u00f3n, Baruc Guti\u00e9rrez; el de Normatividad, Iv\u00e1n Ram\u00edrez, as\u00ed como los integrantes de la Uni\u00f3n de Comerciantes Fijos y Semifijos del Mercado Revoluci\u00f3n.<\/p>\n<p>En esta charla, la alcaldesa pidi\u00f3 a la ciudadan\u00eda acudir al mercado, para contribuir a su reactivaci\u00f3n econ\u00f3mica. Mencion\u00f3 que esta obra es una realidad y es la \u201cCasa de todos\u201d, porque se trata de un importante centro de reuni\u00f3n familiar.<\/p>\n<p>Aprovech\u00f3 para reiterar que el mercado es para la y los locatarios, quienes ya se est\u00e1n instalando y para la gente de Zacatl\u00e1n, destacando que la gente est\u00e1 contenta con esta obra.<\/p>\n<p>Dijo que seguir\u00e1n haciendo algunas reparaciones, sobretodo porque en unos d\u00edas ser\u00e1 su reapertura, por lo que insisti\u00f3 en invitar a la gente a que asista al mercado y contribuya a la\u00a0econom\u00eda\u00a0local.<\/p>\n<p><img loading=\"lazy\" decoding=\"async\" class=\"alignnone size-large wp-image-1740\" src=\"https:\/\/zacatlan.gob.mx\/boletines\/wp-content\/uploads\/2025\/06\/Mercado-Revolucion-1-1024x768.jpg\" alt=\"\" width=\"1024\" height=\"768\" srcset=\"https:\/\/zacatlan.gob.mx\/boletines\/wp-content\/uploads\/2025\/06\/Mercado-Revolucion-1-1024x768.jpg 1024w, https:\/\/zacatlan.gob.mx\/boletines\/wp-content\/uploads\/2025\/06\/Mercado-Revolucion-1-300x225.jpg 300w, https:\/\/zacatlan.gob.mx\/boletines\/wp-content\/uploads\/2025\/06\/Mercado-Revolucion-1-768x576.jpg 768w, https:\/\/zacatlan.gob.mx\/boletines\/wp-content\/uploads\/2025\/06\/Mercado-Revolucion-1-1536x1152.jpg 1536w, https:\/\/zacatlan.gob.mx\/boletines\/wp-content\/uploads\/2025\/06\/Mercado-Revolucion-1-585x439.jpg 585w, https:\/\/zacatlan.gob.mx\/boletines\/wp-content\/uploads\/2025\/06\/Mercado-Revolucion-1.jpg 2000w\" sizes=\"auto, (max-width: 1024px) 100vw, 1024px\" \/><\/p>\n","protected":false},"excerpt":{"rendered":"<p>* La presidenta municipal de Zacatl\u00e1n lanz\u00f3 en esta central de abasto el segmento \u201cUn caf\u00e9 con Bety\u201d. La presidenta municipal de Zacatl\u00e1n, Bety S\u00e1nchez visit\u00f3 el Mercado Revoluci\u00f3n, para impulsar la reactivaci\u00f3n econ\u00f3mica de este importante centro de abasto a fin de que contin\u00fae&#8230;<\/p>\n","protected":false},"author":2,"featured_media":1741,"comment_status":"open","ping_status":"open","sticky":false,"template":"","format":"standard","meta":{"footnotes":""},"categories":[4],"tags":[321],"class_list":["post-1739","post","type-post","status-publish","format-standard","has-post-thumbnail","hentry","category-boletines","tag-mercado-revolucion"],"_links":{"self":[{"href":"https:\/\/zacatlan.gob.mx\/boletines\/wp-json\/wp\/v2\/posts\/1739","targetHints":{"allow":["GET"]}}],"collection":[{"href":"https:\/\/zacatlan.gob.mx\/boletines\/wp-json\/wp\/v2\/posts"}],"about":[{"href":"https:\/\/zacatlan.gob.mx\/boletines\/wp-json\/wp\/v2\/types\/post"}],"author":[{"embeddable":true,"href":"https:\/\/zacatlan.gob.mx\/boletines\/wp-json\/wp\/v2\/users\/2"}],"replies":[{"embeddable":true,"href":"https:\/\/zacatlan.gob.mx\/boletines\/wp-json\/wp\/v2\/comments?post=1739"}],"version-history":[{"count":1,"href":"https:\/\/zacatlan.gob.mx\/boletines\/wp-json\/wp\/v2\/posts\/1739\/revisions"}],"predecessor-version":[{"id":1742,"href":"https:\/\/zacatlan.gob.mx\/boletines\/wp-json\/wp\/v2\/posts\/1739\/revisions\/1742"}],"wp:featuredmedia":[{"embeddable":true,"href":"https:\/\/zacatlan.gob.mx\/boletines\/wp-json\/wp\/v2\/media\/1741"}],"wp:attachment":[{"href":"https:\/\/zacatlan.gob.mx\/boletines\/wp-json\/wp\/v2\/media?parent=1739"}],"wp:term":[{"taxonomy":"category","embeddable":true,"href":"https:\/\/zacatlan.gob.mx\/boletines\/wp-json\/wp\/v2\/categories?post=1739"},{"taxonomy":"post_tag","embeddable":true,"href":"https:\/\/zacatlan.gob.mx\/boletines\/wp-json\/wp\/v2\/tags?post=1739"}],"curies":[{"name":"wp","href":"https:\/\/api.w.org\/{rel}","templated":true}]}}