{"id":1337,"date":"2025-05-15T08:15:02","date_gmt":"2025-05-15T14:15:02","guid":{"rendered":"https:\/\/zacatlan.gob.mx\/boletines\/?p=1337"},"modified":"2025-05-15T14:08:03","modified_gmt":"2025-05-15T20:08:03","slug":"jovenes-de-zacatlan-se-ponen-las-pilas-participan-en-jornada-nacional-tequiosporlapaz-y-contralasadicciones","status":"publish","type":"post","link":"https:\/\/zacatlan.gob.mx\/boletines\/2025\/05\/15\/jovenes-de-zacatlan-se-ponen-las-pilas-participan-en-jornada-nacional-tequiosporlapaz-y-contralasadicciones\/","title":{"rendered":"J\u00f3venes de Zacatl\u00e1n se ponen las pilas; participan en Jornada Nacional #TequiosPorLaPaz y #ContraLasAdicciones"},"content":{"rendered":"<p>* Rehabilitaron la cancha de f\u00fatbol r\u00e1pido ubicada en la Unidad Habitacional Arboledas en Jicolapa.<\/p>\n<p>Las y los j\u00f3venes de Zacatl\u00e1n liderados por el coordinador de Atenci\u00f3n a la Juventud del Ayuntamiento, Carlos Castro Escamilla, se sumaron a la Jornada Nacional #TequiosPorLaPaz, para rehabilitar un espacio deportivo a fin de que puedan practicar deporte y se alejen de las adicciones.<\/p>\n<p>Las y los chavos, intervinieron la cancha de f\u00fatbol r\u00e1pido, ubicada en la Unidad Habitacional de Arboledas en la junta auxiliar de Jicolapa, donde con recursos del Ayuntamiento se pintaron las paredes, se colocaron luminarias, adem\u00e1s de que se cambi\u00f3 la malla.<\/p>\n<p>De esta forma, sociedad y gobierno, trabajan en equipo para mejorar el entorno social, con iniciativas como el rescate de espacios deportivos, las actividades recreativas y el deporte.<\/p>\n<p>Con estas acciones, se pretende mitigar el uso y consumo de sustancias adictivas en la juventud de Zacatl\u00e1n. Siguiendo el ejemplo del Gobernador Alejandro Armenta en pro del desarrollo \u00f3ptimo de la juventud\u00a0poblana.<\/p>\n<p><img loading=\"lazy\" decoding=\"async\" class=\"alignnone size-large wp-image-1338\" src=\"https:\/\/zacatlan.gob.mx\/boletines\/wp-content\/uploads\/2025\/05\/Jovenes-de-Zacatlan_1-714x1024.jpg\" alt=\"\" width=\"714\" height=\"1024\" srcset=\"https:\/\/zacatlan.gob.mx\/boletines\/wp-content\/uploads\/2025\/05\/Jovenes-de-Zacatlan_1-714x1024.jpg 714w, https:\/\/zacatlan.gob.mx\/boletines\/wp-content\/uploads\/2025\/05\/Jovenes-de-Zacatlan_1-209x300.jpg 209w, https:\/\/zacatlan.gob.mx\/boletines\/wp-content\/uploads\/2025\/05\/Jovenes-de-Zacatlan_1-768x1101.jpg 768w, https:\/\/zacatlan.gob.mx\/boletines\/wp-content\/uploads\/2025\/05\/Jovenes-de-Zacatlan_1-1071x1536.jpg 1071w, https:\/\/zacatlan.gob.mx\/boletines\/wp-content\/uploads\/2025\/05\/Jovenes-de-Zacatlan_1-585x839.jpg 585w, https:\/\/zacatlan.gob.mx\/boletines\/wp-content\/uploads\/2025\/05\/Jovenes-de-Zacatlan_1.jpg 1116w\" sizes=\"auto, (max-width: 714px) 100vw, 714px\" \/> <img loading=\"lazy\" decoding=\"async\" class=\"alignnone size-large wp-image-1339\" src=\"https:\/\/zacatlan.gob.mx\/boletines\/wp-content\/uploads\/2025\/05\/Jovenes-de-Zacatlan_2-1024x576.jpg\" alt=\"\" width=\"1024\" height=\"576\" srcset=\"https:\/\/zacatlan.gob.mx\/boletines\/wp-content\/uploads\/2025\/05\/Jovenes-de-Zacatlan_2-1024x576.jpg 1024w, https:\/\/zacatlan.gob.mx\/boletines\/wp-content\/uploads\/2025\/05\/Jovenes-de-Zacatlan_2-300x169.jpg 300w, https:\/\/zacatlan.gob.mx\/boletines\/wp-content\/uploads\/2025\/05\/Jovenes-de-Zacatlan_2-768x432.jpg 768w, https:\/\/zacatlan.gob.mx\/boletines\/wp-content\/uploads\/2025\/05\/Jovenes-de-Zacatlan_2-1200x675.jpg 1200w, https:\/\/zacatlan.gob.mx\/boletines\/wp-content\/uploads\/2025\/05\/Jovenes-de-Zacatlan_2-585x329.jpg 585w, https:\/\/zacatlan.gob.mx\/boletines\/wp-content\/uploads\/2025\/05\/Jovenes-de-Zacatlan_2.jpg 1280w\" sizes=\"auto, (max-width: 1024px) 100vw, 1024px\" \/> <img loading=\"lazy\" decoding=\"async\" class=\"alignnone size-large wp-image-1340\" src=\"https:\/\/zacatlan.gob.mx\/boletines\/wp-content\/uploads\/2025\/05\/Jovenes-de-Zacatlan_3-768x1024.jpg\" alt=\"\" width=\"768\" height=\"1024\" srcset=\"https:\/\/zacatlan.gob.mx\/boletines\/wp-content\/uploads\/2025\/05\/Jovenes-de-Zacatlan_3-768x1024.jpg 768w, https:\/\/zacatlan.gob.mx\/boletines\/wp-content\/uploads\/2025\/05\/Jovenes-de-Zacatlan_3-225x300.jpg 225w, https:\/\/zacatlan.gob.mx\/boletines\/wp-content\/uploads\/2025\/05\/Jovenes-de-Zacatlan_3-1152x1536.jpg 1152w, https:\/\/zacatlan.gob.mx\/boletines\/wp-content\/uploads\/2025\/05\/Jovenes-de-Zacatlan_3-110x147.jpg 110w, https:\/\/zacatlan.gob.mx\/boletines\/wp-content\/uploads\/2025\/05\/Jovenes-de-Zacatlan_3-585x780.jpg 585w, https:\/\/zacatlan.gob.mx\/boletines\/wp-content\/uploads\/2025\/05\/Jovenes-de-Zacatlan_3.jpg 1200w\" sizes=\"auto, (max-width: 768px) 100vw, 768px\" \/> <img loading=\"lazy\" decoding=\"async\" class=\"alignnone size-large wp-image-1342\" src=\"https:\/\/zacatlan.gob.mx\/boletines\/wp-content\/uploads\/2025\/05\/Jovenes-de-Zacatlan_5-768x1024.jpg\" alt=\"\" width=\"768\" height=\"1024\" srcset=\"https:\/\/zacatlan.gob.mx\/boletines\/wp-content\/uploads\/2025\/05\/Jovenes-de-Zacatlan_5-768x1024.jpg 768w, https:\/\/zacatlan.gob.mx\/boletines\/wp-content\/uploads\/2025\/05\/Jovenes-de-Zacatlan_5-225x300.jpg 225w, https:\/\/zacatlan.gob.mx\/boletines\/wp-content\/uploads\/2025\/05\/Jovenes-de-Zacatlan_5-1152x1536.jpg 1152w, https:\/\/zacatlan.gob.mx\/boletines\/wp-content\/uploads\/2025\/05\/Jovenes-de-Zacatlan_5-110x147.jpg 110w, https:\/\/zacatlan.gob.mx\/boletines\/wp-content\/uploads\/2025\/05\/Jovenes-de-Zacatlan_5-585x780.jpg 585w, https:\/\/zacatlan.gob.mx\/boletines\/wp-content\/uploads\/2025\/05\/Jovenes-de-Zacatlan_5.jpg 1200w\" sizes=\"auto, (max-width: 768px) 100vw, 768px\" \/><\/p>\n","protected":false},"excerpt":{"rendered":"<p>* Rehabilitaron la cancha de f\u00fatbol r\u00e1pido ubicada en la Unidad Habitacional Arboledas en Jicolapa. Las y los j\u00f3venes de Zacatl\u00e1n liderados por el coordinador de Atenci\u00f3n a la Juventud del Ayuntamiento, Carlos Castro Escamilla, se sumaron a la Jornada Nacional #TequiosPorLaPaz, para rehabilitar un&#8230;<\/p>\n","protected":false},"author":2,"featured_media":1341,"comment_status":"open","ping_status":"open","sticky":false,"template":"","format":"standard","meta":{"footnotes":""},"categories":[4],"tags":[242,240,239,241],"class_list":["post-1337","post","type-post","status-publish","format-standard","has-post-thumbnail","hentry","category-boletines","tag-contralasadicciones","tag-jornada-nacional","tag-jovenes-de-zacatlan","tag-tequiosporlapaz"],"_links":{"self":[{"href":"https:\/\/zacatlan.gob.mx\/boletines\/wp-json\/wp\/v2\/posts\/1337","targetHints":{"allow":["GET"]}}],"collection":[{"href":"https:\/\/zacatlan.gob.mx\/boletines\/wp-json\/wp\/v2\/posts"}],"about":[{"href":"https:\/\/zacatlan.gob.mx\/boletines\/wp-json\/wp\/v2\/types\/post"}],"author":[{"embeddable":true,"href":"https:\/\/zacatlan.gob.mx\/boletines\/wp-json\/wp\/v2\/users\/2"}],"replies":[{"embeddable":true,"href":"https:\/\/zacatlan.gob.mx\/boletines\/wp-json\/wp\/v2\/comments?post=1337"}],"version-history":[{"count":1,"href":"https:\/\/zacatlan.gob.mx\/boletines\/wp-json\/wp\/v2\/posts\/1337\/revisions"}],"predecessor-version":[{"id":1343,"href":"https:\/\/zacatlan.gob.mx\/boletines\/wp-json\/wp\/v2\/posts\/1337\/revisions\/1343"}],"wp:featuredmedia":[{"embeddable":true,"href":"https:\/\/zacatlan.gob.mx\/boletines\/wp-json\/wp\/v2\/media\/1341"}],"wp:attachment":[{"href":"https:\/\/zacatlan.gob.mx\/boletines\/wp-json\/wp\/v2\/media?parent=1337"}],"wp:term":[{"taxonomy":"category","embeddable":true,"href":"https:\/\/zacatlan.gob.mx\/boletines\/wp-json\/wp\/v2\/categories?post=1337"},{"taxonomy":"post_tag","embeddable":true,"href":"https:\/\/zacatlan.gob.mx\/boletines\/wp-json\/wp\/v2\/tags?post=1337"}],"curies":[{"name":"wp","href":"https:\/\/api.w.org\/{rel}","templated":true}]}}